{"id":2729,"date":"2023-06-06T16:49:57","date_gmt":"2023-06-06T16:49:57","guid":{"rendered":"https:\/\/blogsaverroes.juntadeandalucia.es\/lahungara\/?p=2729"},"modified":"2023-07-02T16:55:26","modified_gmt":"2023-07-02T16:55:26","slug":"ecomaceteros-flamencos","status":"publish","type":"post","link":"https:\/\/blogsaverroes.juntadeandalucia.es\/lahungara\/ecomaceteros-flamencos\/","title":{"rendered":"Ecomaceteros flamencos"},"content":{"rendered":"<p>Antes de irnos de vacaciones, desde la&nbsp; Ecoh\u00fangara, se ha organizado su Primer Concurso de Ecomaceteros flamencos, en el que se le ped\u00eda al alumnado que aprovecharan los botes de pl\u00e1stico para hacer macetas y decorar as\u00ed la terraza anexa a la biblioteca. \u00a1Como veis, la imaginaci\u00f3n no tiene l\u00edmites!<\/p>\n<p>\u00a1Viva el reciclaje! \u00a1Por un mundo m\u00e1s sostenible!<\/p>\n<p>&nbsp;<\/p>\nngg_shortcode_0_placeholder\n","protected":false},"excerpt":{"rendered":"<p>Antes de irnos de vacaciones, desde la&nbsp; Ecoh\u00fangara, se ha organizado su Primer Concurso de Ecomaceteros flamencos, en el que se le ped\u00eda al alumnado que aprovecharan los botes de pl\u00e1stico para hacer macetas y decorar as\u00ed la terraza anexa a la biblioteca. \u00a1Como veis, la imaginaci\u00f3n no tiene l\u00edmites! \u00a1Viva el reciclaje! \u00a1Por un [&hellip;]<\/p>\n","protected":false},"author":12292,"featured_media":2731,"comment_status":"closed","ping_status":"open","sticky":false,"template":"","format":"standard","meta":{"ngg_post_thumbnail":0,"footnotes":""},"categories":[5],"tags":[],"aioseo_notices":[],"_links":{"self":[{"href":"https:\/\/blogsaverroes.juntadeandalucia.es\/lahungara\/wp-json\/wp\/v2\/posts\/2729"}],"collection":[{"href":"https:\/\/blogsaverroes.juntadeandalucia.es\/lahungara\/wp-json\/wp\/v2\/posts"}],"about":[{"href":"https:\/\/blogsaverroes.juntadeandalucia.es\/lahungara\/wp-json\/wp\/v2\/types\/post"}],"author":[{"embeddable":true,"href":"https:\/\/blogsaverroes.juntadeandalucia.es\/lahungara\/wp-json\/wp\/v2\/users\/12292"}],"replies":[{"embeddable":true,"href":"https:\/\/blogsaverroes.juntadeandalucia.es\/lahungara\/wp-json\/wp\/v2\/comments?post=2729"}],"version-history":[{"count":3,"href":"https:\/\/blogsaverroes.juntadeandalucia.es\/lahungara\/wp-json\/wp\/v2\/posts\/2729\/revisions"}],"predecessor-version":[{"id":2732,"href":"https:\/\/blogsaverroes.juntadeandalucia.es\/lahungara\/wp-json\/wp\/v2\/posts\/2729\/revisions\/2732"}],"wp:featuredmedia":[{"embeddable":true,"href":"https:\/\/blogsaverroes.juntadeandalucia.es\/lahungara\/wp-json\/wp\/v2\/media\/2731"}],"wp:attachment":[{"href":"https:\/\/blogsaverroes.juntadeandalucia.es\/lahungara\/wp-json\/wp\/v2\/media?parent=2729"}],"wp:term":[{"taxonomy":"category","embeddable":true,"href":"https:\/\/blogsaverroes.juntadeandalucia.es\/lahungara\/wp-json\/wp\/v2\/categories?post=2729"},{"taxonomy":"post_tag","embeddable":true,"href":"https:\/\/blogsaverroes.juntadeandalucia.es\/lahungara\/wp-json\/wp\/v2\/tags?post=2729"}],"curies":[{"name":"wp","href":"https:\/\/api.w.org\/{rel}","templated":true}]}}