{"id":301,"date":"2021-03-02T09:49:39","date_gmt":"2021-03-02T09:49:39","guid":{"rendered":"https:\/\/blogsaverroes.juntadeandalucia.es\/lahungara\/?p=301"},"modified":"2021-04-15T23:17:38","modified_gmt":"2021-04-15T23:17:38","slug":"sin-pena-y-con-gloria","status":"publish","type":"post","link":"https:\/\/blogsaverroes.juntadeandalucia.es\/lahungara\/sin-pena-y-con-gloria\/","title":{"rendered":"Sin pena y con Gloria"},"content":{"rendered":"<p><span style=\"font-family: verdana, geneva, sans-serif;font-size: 14pt\"><span lang=\"es-ES\">Otras exposiciones han tenido un bello broche en charlas-recitales en la biblioteca, como la que puso el cierre a la <\/span><span lang=\"es-ES\"><i><b>Exposici\u00f3n Sin pena y con Gloria<\/b><\/i><\/span><span lang=\"es-ES\">, que daba cuenta a trav\u00e9s de fotograf\u00edas y poemas de la vida de la autora Gloria Fuertes as\u00ed como de sus poemario y etapas creativas. Este encuentro tambi\u00e9n se hizo para las familias, que asistienron a la charla-recital con lectura de poemas y poemas musicados e interpretados <\/span><\/span><span style=\"font-family: verdana, geneva, sans-serif;font-size: 14pt\"><span lang=\"es-ES\">por n<\/span><\/span><span style=\"font-family: verdana, geneva, sans-serif;font-size: 14pt\"><span lang=\"es-ES\">uestro profesorado.<\/span><\/span><\/p>\nngg_shortcode_0_placeholder\n<p><span style=\"font-family: verdana, geneva, sans-serif;font-size: 14pt\"><span lang=\"es-ES\">La bibliot<\/span><\/span><span style=\"font-family: verdana, geneva, sans-serif;font-size: 14pt\"><span lang=\"es-ES\">eca acogi\u00f3 tanto carteler\u00eda y objetos con distintos motivos de la vida de esta excelente escritora como esta charla homenaje, en la que adem\u00e1s hasta se bail\u00f3 un chotis, m\u00fasica que encantaba a la madrile\u00f1a.<\/span><\/span><\/p>\n","protected":false},"excerpt":{"rendered":"<p>Otras exposiciones han tenido un bello broche en charlas-recitales en la biblioteca, como la que puso el cierre a la Exposici\u00f3n Sin pena y con Gloria, que daba cuenta a trav\u00e9s de fotograf\u00edas y poemas de la vida de la autora Gloria Fuertes as\u00ed como de sus poemario y etapas creativas. Este encuentro tambi\u00e9n se [&hellip;]<\/p>\n","protected":false},"author":12292,"featured_media":1608,"comment_status":"closed","ping_status":"open","sticky":false,"template":"","format":"standard","meta":{"ngg_post_thumbnail":0,"footnotes":""},"categories":[5],"tags":[],"aioseo_notices":[],"_links":{"self":[{"href":"https:\/\/blogsaverroes.juntadeandalucia.es\/lahungara\/wp-json\/wp\/v2\/posts\/301"}],"collection":[{"href":"https:\/\/blogsaverroes.juntadeandalucia.es\/lahungara\/wp-json\/wp\/v2\/posts"}],"about":[{"href":"https:\/\/blogsaverroes.juntadeandalucia.es\/lahungara\/wp-json\/wp\/v2\/types\/post"}],"author":[{"embeddable":true,"href":"https:\/\/blogsaverroes.juntadeandalucia.es\/lahungara\/wp-json\/wp\/v2\/users\/12292"}],"replies":[{"embeddable":true,"href":"https:\/\/blogsaverroes.juntadeandalucia.es\/lahungara\/wp-json\/wp\/v2\/comments?post=301"}],"version-history":[{"count":3,"href":"https:\/\/blogsaverroes.juntadeandalucia.es\/lahungara\/wp-json\/wp\/v2\/posts\/301\/revisions"}],"predecessor-version":[{"id":1607,"href":"https:\/\/blogsaverroes.juntadeandalucia.es\/lahungara\/wp-json\/wp\/v2\/posts\/301\/revisions\/1607"}],"wp:featuredmedia":[{"embeddable":true,"href":"https:\/\/blogsaverroes.juntadeandalucia.es\/lahungara\/wp-json\/wp\/v2\/media\/1608"}],"wp:attachment":[{"href":"https:\/\/blogsaverroes.juntadeandalucia.es\/lahungara\/wp-json\/wp\/v2\/media?parent=301"}],"wp:term":[{"taxonomy":"category","embeddable":true,"href":"https:\/\/blogsaverroes.juntadeandalucia.es\/lahungara\/wp-json\/wp\/v2\/categories?post=301"},{"taxonomy":"post_tag","embeddable":true,"href":"https:\/\/blogsaverroes.juntadeandalucia.es\/lahungara\/wp-json\/wp\/v2\/tags?post=301"}],"curies":[{"name":"wp","href":"https:\/\/api.w.org\/{rel}","templated":true}]}}