{"id":311,"date":"2021-03-02T10:06:53","date_gmt":"2021-03-02T10:06:53","guid":{"rendered":"https:\/\/blogsaverroes.juntadeandalucia.es\/lahungara\/?p=311"},"modified":"2021-04-15T23:18:22","modified_gmt":"2021-04-15T23:18:22","slug":"artistas","status":"publish","type":"post","link":"https:\/\/blogsaverroes.juntadeandalucia.es\/lahungara\/artistas\/","title":{"rendered":"\u00a1Una de artistas!"},"content":{"rendered":"<p class=\"western\" lang=\"en-US\" align=\"justify\"><span style=\"font-family: verdana, geneva, sans-serif;font-size: 14pt\"><span lang=\"es-ES\">A veces, La H\u00fangara se utiliza como aula pl\u00e1stica y se crean obras llenas de arte que luego decoran el instituto. Ejemplos son e<\/span><span lang=\"es-ES\">l cartel para el D\u00eda d<\/span><\/span><span style=\"font-family: verdana, geneva, sans-serif;font-size: 14pt\"><span lang=\"es-ES\">el Flamenco 2020, hecho con re<\/span><\/span><span style=\"font-family: verdana, geneva, sans-serif;font-size: 14pt\"><span lang=\"es-ES\">tales de tela y pintura o una particular <i>Venus <\/i>de Botticelli, realizada con revistas, papel y cart\u00f3n; \u00a1El alumnado de PMAR fue el encargado de darles vida!<\/span><\/span><\/p>\nngg_shortcode_0_placeholder\n","protected":false},"excerpt":{"rendered":"<p>A veces, La H\u00fangara se utiliza como aula pl\u00e1stica y se crean obras llenas de arte que luego decoran el instituto. Ejemplos son el cartel para el D\u00eda del Flamenco 2020, hecho con retales de tela y pintura o una particular Venus de Botticelli, realizada con revistas, papel y cart\u00f3n; \u00a1El alumnado de PMAR fue [&hellip;]<\/p>\n","protected":false},"author":12292,"featured_media":1609,"comment_status":"closed","ping_status":"open","sticky":false,"template":"","format":"standard","meta":{"ngg_post_thumbnail":0,"footnotes":""},"categories":[5],"tags":[],"aioseo_notices":[],"_links":{"self":[{"href":"https:\/\/blogsaverroes.juntadeandalucia.es\/lahungara\/wp-json\/wp\/v2\/posts\/311"}],"collection":[{"href":"https:\/\/blogsaverroes.juntadeandalucia.es\/lahungara\/wp-json\/wp\/v2\/posts"}],"about":[{"href":"https:\/\/blogsaverroes.juntadeandalucia.es\/lahungara\/wp-json\/wp\/v2\/types\/post"}],"author":[{"embeddable":true,"href":"https:\/\/blogsaverroes.juntadeandalucia.es\/lahungara\/wp-json\/wp\/v2\/users\/12292"}],"replies":[{"embeddable":true,"href":"https:\/\/blogsaverroes.juntadeandalucia.es\/lahungara\/wp-json\/wp\/v2\/comments?post=311"}],"version-history":[{"count":14,"href":"https:\/\/blogsaverroes.juntadeandalucia.es\/lahungara\/wp-json\/wp\/v2\/posts\/311\/revisions"}],"predecessor-version":[{"id":344,"href":"https:\/\/blogsaverroes.juntadeandalucia.es\/lahungara\/wp-json\/wp\/v2\/posts\/311\/revisions\/344"}],"wp:featuredmedia":[{"embeddable":true,"href":"https:\/\/blogsaverroes.juntadeandalucia.es\/lahungara\/wp-json\/wp\/v2\/media\/1609"}],"wp:attachment":[{"href":"https:\/\/blogsaverroes.juntadeandalucia.es\/lahungara\/wp-json\/wp\/v2\/media?parent=311"}],"wp:term":[{"taxonomy":"category","embeddable":true,"href":"https:\/\/blogsaverroes.juntadeandalucia.es\/lahungara\/wp-json\/wp\/v2\/categories?post=311"},{"taxonomy":"post_tag","embeddable":true,"href":"https:\/\/blogsaverroes.juntadeandalucia.es\/lahungara\/wp-json\/wp\/v2\/tags?post=311"}],"curies":[{"name":"wp","href":"https:\/\/api.w.org\/{rel}","templated":true}]}}