{"id":349,"date":"2021-03-02T10:29:51","date_gmt":"2021-03-02T10:29:51","guid":{"rendered":"https:\/\/blogsaverroes.juntadeandalucia.es\/lahungara\/?p=349"},"modified":"2021-04-15T23:14:02","modified_gmt":"2021-04-15T23:14:02","slug":"rincon-ecologico","status":"publish","type":"post","link":"https:\/\/blogsaverroes.juntadeandalucia.es\/lahungara\/rincon-ecologico\/","title":{"rendered":"Rinc\u00f3n ecol\u00f3gico"},"content":{"rendered":"<p class=\"western\" lang=\"en-US\" align=\"justify\"><span style=\"font-family: Times New Roman, serif\"><span style=\"font-size: small\"><span style=\"font-family: verdana, geneva, sans-serif;font-size: 14pt\"><span lang=\"es-ES\">Desde el pasado curso 2019-2020, y debido a la \u201cUrgencia clim\u00e1tica\u201d que sufre nuestro Planeta, hemos creado tambi\u00e9n un <\/span><span lang=\"es-ES\"><i>Rinc\u00f3n ecol\u00f3gico<\/i><\/span><span lang=\"es-ES\">, donde no solo visibilizamos obras y personalidades que han llamado la atenci\u00f3n contra los desmanes que se comet\u00edan en nuestra casa, la Tierra, sino que cada d\u00eda, durante el recreo, un alumno o alumna lee en voz alta, durante unos minutos, un consejo para cuidar el medio ambiente, extra\u00eddo del libro: <\/span><span lang=\"es-ES\"><i>365 gestos para salvar el Planeta<\/i><\/span><\/span><span style=\"font-family: Arial, serif\"><span style=\"font-size: medium\"><span lang=\"es-ES\"><span style=\"font-family: verdana, geneva, sans-serif;font-size: 14pt\"> de Philippe Bourseiller.<\/span><br \/>\n<\/span><\/span><\/span><\/span><\/span><\/p>\nngg_shortcode_0_placeholder\n","protected":false},"excerpt":{"rendered":"<p>Desde el pasado curso 2019-2020, y debido a la \u201cUrgencia clim\u00e1tica\u201d que sufre nuestro Planeta, hemos creado tambi\u00e9n un Rinc\u00f3n ecol\u00f3gico, donde no solo visibilizamos obras y personalidades que han llamado la atenci\u00f3n contra los desmanes que se comet\u00edan en nuestra casa, la Tierra, sino que cada d\u00eda, durante el recreo, un alumno o alumna [&hellip;]<\/p>\n","protected":false},"author":12292,"featured_media":1604,"comment_status":"closed","ping_status":"open","sticky":false,"template":"","format":"standard","meta":{"ngg_post_thumbnail":0,"footnotes":""},"categories":[5],"tags":[],"aioseo_notices":[],"_links":{"self":[{"href":"https:\/\/blogsaverroes.juntadeandalucia.es\/lahungara\/wp-json\/wp\/v2\/posts\/349"}],"collection":[{"href":"https:\/\/blogsaverroes.juntadeandalucia.es\/lahungara\/wp-json\/wp\/v2\/posts"}],"about":[{"href":"https:\/\/blogsaverroes.juntadeandalucia.es\/lahungara\/wp-json\/wp\/v2\/types\/post"}],"author":[{"embeddable":true,"href":"https:\/\/blogsaverroes.juntadeandalucia.es\/lahungara\/wp-json\/wp\/v2\/users\/12292"}],"replies":[{"embeddable":true,"href":"https:\/\/blogsaverroes.juntadeandalucia.es\/lahungara\/wp-json\/wp\/v2\/comments?post=349"}],"version-history":[{"count":6,"href":"https:\/\/blogsaverroes.juntadeandalucia.es\/lahungara\/wp-json\/wp\/v2\/posts\/349\/revisions"}],"predecessor-version":[{"id":429,"href":"https:\/\/blogsaverroes.juntadeandalucia.es\/lahungara\/wp-json\/wp\/v2\/posts\/349\/revisions\/429"}],"wp:featuredmedia":[{"embeddable":true,"href":"https:\/\/blogsaverroes.juntadeandalucia.es\/lahungara\/wp-json\/wp\/v2\/media\/1604"}],"wp:attachment":[{"href":"https:\/\/blogsaverroes.juntadeandalucia.es\/lahungara\/wp-json\/wp\/v2\/media?parent=349"}],"wp:term":[{"taxonomy":"category","embeddable":true,"href":"https:\/\/blogsaverroes.juntadeandalucia.es\/lahungara\/wp-json\/wp\/v2\/categories?post=349"},{"taxonomy":"post_tag","embeddable":true,"href":"https:\/\/blogsaverroes.juntadeandalucia.es\/lahungara\/wp-json\/wp\/v2\/tags?post=349"}],"curies":[{"name":"wp","href":"https:\/\/api.w.org\/{rel}","templated":true}]}}