{"id":398,"date":"2021-03-02T11:55:14","date_gmt":"2021-03-02T11:55:14","guid":{"rendered":"https:\/\/blogsaverroes.juntadeandalucia.es\/lahungara\/?p=398"},"modified":"2021-04-15T23:11:11","modified_gmt":"2021-04-15T23:11:11","slug":"coeducacion-desde-el-corazon","status":"publish","type":"post","link":"https:\/\/blogsaverroes.juntadeandalucia.es\/lahungara\/coeducacion-desde-el-corazon\/","title":{"rendered":"Coeducaci\u00f3n desde el coraz\u00f3n"},"content":{"rendered":"<p><span style=\"font-family: verdana, geneva, sans-serif;font-size: 14pt\"><br \/>\nLa H\u00fangara acoge tambi\u00e9n actividades en las que construimos la coeducaci\u00f3n con nuestras propias manos. He aqu\u00ed decenas de zapatos rojos pintados por el alumnado, un coraz\u00f3n realizado para el 25 de noviembre en la biblioteca, y una puerta violeta que asisti\u00f3 a distintas manifestaciones del 8 de marzo.<\/span><\/p>\nngg_shortcode_0_placeholder\n","protected":false},"excerpt":{"rendered":"<p>La H\u00fangara acoge tambi\u00e9n actividades en las que construimos la coeducaci\u00f3n con nuestras propias manos. He aqu\u00ed decenas de zapatos rojos pintados por el alumnado, un coraz\u00f3n realizado para el 25 de noviembre en la biblioteca, y una puerta violeta que asisti\u00f3 a distintas manifestaciones del 8 de marzo.<\/p>\n","protected":false},"author":12292,"featured_media":1601,"comment_status":"closed","ping_status":"open","sticky":false,"template":"","format":"standard","meta":{"ngg_post_thumbnail":0,"footnotes":""},"categories":[5],"tags":[],"aioseo_notices":[],"_links":{"self":[{"href":"https:\/\/blogsaverroes.juntadeandalucia.es\/lahungara\/wp-json\/wp\/v2\/posts\/398"}],"collection":[{"href":"https:\/\/blogsaverroes.juntadeandalucia.es\/lahungara\/wp-json\/wp\/v2\/posts"}],"about":[{"href":"https:\/\/blogsaverroes.juntadeandalucia.es\/lahungara\/wp-json\/wp\/v2\/types\/post"}],"author":[{"embeddable":true,"href":"https:\/\/blogsaverroes.juntadeandalucia.es\/lahungara\/wp-json\/wp\/v2\/users\/12292"}],"replies":[{"embeddable":true,"href":"https:\/\/blogsaverroes.juntadeandalucia.es\/lahungara\/wp-json\/wp\/v2\/comments?post=398"}],"version-history":[{"count":11,"href":"https:\/\/blogsaverroes.juntadeandalucia.es\/lahungara\/wp-json\/wp\/v2\/posts\/398\/revisions"}],"predecessor-version":[{"id":1602,"href":"https:\/\/blogsaverroes.juntadeandalucia.es\/lahungara\/wp-json\/wp\/v2\/posts\/398\/revisions\/1602"}],"wp:featuredmedia":[{"embeddable":true,"href":"https:\/\/blogsaverroes.juntadeandalucia.es\/lahungara\/wp-json\/wp\/v2\/media\/1601"}],"wp:attachment":[{"href":"https:\/\/blogsaverroes.juntadeandalucia.es\/lahungara\/wp-json\/wp\/v2\/media?parent=398"}],"wp:term":[{"taxonomy":"category","embeddable":true,"href":"https:\/\/blogsaverroes.juntadeandalucia.es\/lahungara\/wp-json\/wp\/v2\/categories?post=398"},{"taxonomy":"post_tag","embeddable":true,"href":"https:\/\/blogsaverroes.juntadeandalucia.es\/lahungara\/wp-json\/wp\/v2\/tags?post=398"}],"curies":[{"name":"wp","href":"https:\/\/api.w.org\/{rel}","templated":true}]}}