{"id":457,"date":"2021-03-05T13:44:19","date_gmt":"2021-03-05T13:44:19","guid":{"rendered":"https:\/\/blogsaverroes.juntadeandalucia.es\/lahungara\/?p=457"},"modified":"2021-04-15T23:12:28","modified_gmt":"2021-04-15T23:12:28","slug":"dia-de-andalucia","status":"publish","type":"post","link":"https:\/\/blogsaverroes.juntadeandalucia.es\/lahungara\/dia-de-andalucia\/","title":{"rendered":"D\u00eda de Andaluc\u00eda"},"content":{"rendered":"<p>La biblioteca, en colaboraci\u00f3n con el Departamento de Lengua, ha organizado para este 28 de febrero de 2021 distintas actividades. Algunas, dentro del propio aula (hay que recordar que debido a la pandemia, la H\u00fangara acoge en este curso a un 2\u00ba ESO); otras actividades, en el exterior del centro. <\/p>\n<p>Este a\u00f1o hemos reivindicado nuestra identidad y nuestra autonom\u00eda con versos de Manuel Machado y con una selecci\u00f3n de mujeres escritoras andaluzas.<\/p>\nngg_shortcode_0_placeholder\n","protected":false},"excerpt":{"rendered":"<p>La biblioteca, en colaboraci\u00f3n con el Departamento de Lengua, ha organizado para este 28 de febrero de 2021 distintas actividades. Algunas, dentro del propio aula (hay que recordar que debido a la pandemia, la H\u00fangara acoge en este curso a un 2\u00ba ESO); otras actividades, en el exterior del centro. Este a\u00f1o hemos reivindicado nuestra [&hellip;]<\/p>\n","protected":false},"author":12292,"featured_media":1603,"comment_status":"closed","ping_status":"open","sticky":false,"template":"","format":"standard","meta":{"ngg_post_thumbnail":0,"footnotes":""},"categories":[5],"tags":[],"aioseo_notices":[],"_links":{"self":[{"href":"https:\/\/blogsaverroes.juntadeandalucia.es\/lahungara\/wp-json\/wp\/v2\/posts\/457"}],"collection":[{"href":"https:\/\/blogsaverroes.juntadeandalucia.es\/lahungara\/wp-json\/wp\/v2\/posts"}],"about":[{"href":"https:\/\/blogsaverroes.juntadeandalucia.es\/lahungara\/wp-json\/wp\/v2\/types\/post"}],"author":[{"embeddable":true,"href":"https:\/\/blogsaverroes.juntadeandalucia.es\/lahungara\/wp-json\/wp\/v2\/users\/12292"}],"replies":[{"embeddable":true,"href":"https:\/\/blogsaverroes.juntadeandalucia.es\/lahungara\/wp-json\/wp\/v2\/comments?post=457"}],"version-history":[{"count":6,"href":"https:\/\/blogsaverroes.juntadeandalucia.es\/lahungara\/wp-json\/wp\/v2\/posts\/457\/revisions"}],"predecessor-version":[{"id":730,"href":"https:\/\/blogsaverroes.juntadeandalucia.es\/lahungara\/wp-json\/wp\/v2\/posts\/457\/revisions\/730"}],"wp:featuredmedia":[{"embeddable":true,"href":"https:\/\/blogsaverroes.juntadeandalucia.es\/lahungara\/wp-json\/wp\/v2\/media\/1603"}],"wp:attachment":[{"href":"https:\/\/blogsaverroes.juntadeandalucia.es\/lahungara\/wp-json\/wp\/v2\/media?parent=457"}],"wp:term":[{"taxonomy":"category","embeddable":true,"href":"https:\/\/blogsaverroes.juntadeandalucia.es\/lahungara\/wp-json\/wp\/v2\/categories?post=457"},{"taxonomy":"post_tag","embeddable":true,"href":"https:\/\/blogsaverroes.juntadeandalucia.es\/lahungara\/wp-json\/wp\/v2\/tags?post=457"}],"curies":[{"name":"wp","href":"https:\/\/api.w.org\/{rel}","templated":true}]}}