{"id":50,"date":"2022-05-16T19:20:14","date_gmt":"2022-05-16T19:20:14","guid":{"rendered":"https:\/\/blogsaverroes.juntadeandalucia.es\/laliteraturadelamaga\/?p=50"},"modified":"2022-05-16T19:20:14","modified_gmt":"2022-05-16T19:20:14","slug":"desenreda-reporteros-en-pulpi","status":"publish","type":"post","link":"https:\/\/blogsaverroes.juntadeandalucia.es\/laliteraturadelamaga\/2022\/05\/16\/desenreda-reporteros-en-pulpi\/","title":{"rendered":"Desenreda: reporteros en Pulp\u00ed."},"content":{"rendered":"<p style=\"text-align: justify\">Los alumnos de 4\u00baESO C del IES Mar Serena, en Pulp\u00ed, se pusieron manos a la obra tras las sesiones recibidas del taller Desenreda y han conseguido ponernos al d\u00eda de cuanto pasa en el municipio almeriense.&nbsp;<\/p>\n<p style=\"text-align: justify\">A continuaci\u00f3n, os dejo algunos de los trabajos que llevaron a cabo:<\/p>\n<p style=\"text-align: justify\">Algunos alumnos se interesaron por el ascenso del equipo de f\u00fatbol local y entrevistaron al alcalde del municipio y al presidente del Club Atl\u00e9tico Pulpile\u00f1o por la repercusi\u00f3n que tendr\u00eda este acontecimiento para el pueblo y para el club.<\/p>\n<p><img loading=\"lazy\" decoding=\"async\" class=\"size-medium wp-image-52 aligncenter\" src=\"https:\/\/blogsaverroes.juntadeandalucia.es\/laliteraturadelamaga\/files\/2022\/05\/IMG_8896-300x225.jpg\" alt=\"\" width=\"300\" height=\"225\" srcset=\"https:\/\/blogsaverroes.juntadeandalucia.es\/laliteraturadelamaga\/files\/2022\/05\/IMG_8896-300x225.jpg 300w, https:\/\/blogsaverroes.juntadeandalucia.es\/laliteraturadelamaga\/files\/2022\/05\/IMG_8896-1024x768.jpg 1024w, https:\/\/blogsaverroes.juntadeandalucia.es\/laliteraturadelamaga\/files\/2022\/05\/IMG_8896-768x576.jpg 768w, https:\/\/blogsaverroes.juntadeandalucia.es\/laliteraturadelamaga\/files\/2022\/05\/IMG_8896-1536x1152.jpg 1536w, https:\/\/blogsaverroes.juntadeandalucia.es\/laliteraturadelamaga\/files\/2022\/05\/IMG_8896-2048x1536.jpg 2048w, https:\/\/blogsaverroes.juntadeandalucia.es\/laliteraturadelamaga\/files\/2022\/05\/IMG_8896-1200x900.jpg 1200w\" sizes=\"(max-width: 300px) 85vw, 300px\" \/><\/p>\n<!--[if lt IE 9]><script>document.createElement('audio');<\/script><![endif]-->\n<audio class=\"wp-audio-shortcode\" id=\"audio-50-1\" preload=\"none\" style=\"width: 100%;\" controls=\"controls\"><source type=\"audio\/mpeg\" src=\"https:\/\/blogsaverroes.juntadeandalucia.es\/laliteraturadelamaga\/files\/2022\/05\/Radio.mp3?_=1\" \/><a href=\"https:\/\/blogsaverroes.juntadeandalucia.es\/laliteraturadelamaga\/files\/2022\/05\/Radio.mp3\">https:\/\/blogsaverroes.juntadeandalucia.es\/laliteraturadelamaga\/files\/2022\/05\/Radio.mp3<\/a><\/audio>\n<p style=\"text-align: justify\">Tambi\u00e9n hubo quienes se interesaron en mostrar el atractivo tur\u00edstico de la Geoda y no dudaron en convertirse en reporteros sobre el terreno para acercarnos a esta maravilla:<\/p>\n<p><iframe loading=\"lazy\" title=\"LaGeodaDePulp\u00ed\" width=\"840\" height=\"473\" src=\"https:\/\/www.youtube.com\/embed\/2OsFAUUdRqk?feature=oembed\" frameborder=\"0\" allow=\"accelerometer; autoplay; clipboard-write; encrypted-media; gyroscope; picture-in-picture\" allowfullscreen><\/iframe><\/p>\n<p style=\"text-align: justify\">Esta noticia se complementa con la que recogi\u00f3 otro grupo de alumnos, en la cual nos informan del asalto a la Geoda que tuvo lugar el pasado 1 de enero:<\/p>\n<p><img loading=\"lazy\" decoding=\"async\" class=\"aligncenter wp-image-53 size-large\" src=\"https:\/\/blogsaverroes.juntadeandalucia.es\/laliteraturadelamaga\/files\/2022\/05\/Captura-de-Pantalla-2022-05-16-a-las-21.11.01-667x1024.png\" alt=\"Noticia\" width=\"667\" height=\"1024\" srcset=\"https:\/\/blogsaverroes.juntadeandalucia.es\/laliteraturadelamaga\/files\/2022\/05\/Captura-de-Pantalla-2022-05-16-a-las-21.11.01-667x1024.png 667w, https:\/\/blogsaverroes.juntadeandalucia.es\/laliteraturadelamaga\/files\/2022\/05\/Captura-de-Pantalla-2022-05-16-a-las-21.11.01-196x300.png 196w, https:\/\/blogsaverroes.juntadeandalucia.es\/laliteraturadelamaga\/files\/2022\/05\/Captura-de-Pantalla-2022-05-16-a-las-21.11.01-768x1178.png 768w, https:\/\/blogsaverroes.juntadeandalucia.es\/laliteraturadelamaga\/files\/2022\/05\/Captura-de-Pantalla-2022-05-16-a-las-21.11.01.png 844w\" sizes=\"(max-width: 709px) 85vw, (max-width: 909px) 67vw, (max-width: 984px) 61vw, (max-width: 1362px) 45vw, 600px\" \/><\/p>\n<p style=\"text-align: justify\">Como pod\u00e9is apreciar, nuestros alumnos se han convertido durante un breve periodo de tiempo en reporteros capaces de darnos las \u00faltimas noticias en cualquier tipo de formato.<\/p>\n<p>&nbsp;<\/p>\n","protected":false},"excerpt":{"rendered":"<p>Los alumnos de 4\u00baESO C del IES Mar Serena, en Pulp\u00ed, se pusieron manos a la obra tras las sesiones recibidas del taller Desenreda y han conseguido ponernos al d\u00eda de cuanto pasa en el municipio almeriense.&nbsp; A continuaci\u00f3n, os dejo algunos de los trabajos que llevaron a cabo: Algunos alumnos se interesaron por el &hellip; <a href=\"https:\/\/blogsaverroes.juntadeandalucia.es\/laliteraturadelamaga\/2022\/05\/16\/desenreda-reporteros-en-pulpi\/\" class=\"more-link\">Continuar leyendo<span class=\"screen-reader-text\"> \u00abDesenreda: reporteros en Pulp\u00ed.\u00bb<\/span><\/a><\/p>\n","protected":false},"author":12108,"featured_media":55,"comment_status":"open","ping_status":"open","sticky":false,"template":"","format":"standard","meta":{"ngg_post_thumbnail":0,"footnotes":""},"categories":[1],"tags":[8,9,7],"aioseo_notices":[],"_links":{"self":[{"href":"https:\/\/blogsaverroes.juntadeandalucia.es\/laliteraturadelamaga\/wp-json\/wp\/v2\/posts\/50"}],"collection":[{"href":"https:\/\/blogsaverroes.juntadeandalucia.es\/laliteraturadelamaga\/wp-json\/wp\/v2\/posts"}],"about":[{"href":"https:\/\/blogsaverroes.juntadeandalucia.es\/laliteraturadelamaga\/wp-json\/wp\/v2\/types\/post"}],"author":[{"embeddable":true,"href":"https:\/\/blogsaverroes.juntadeandalucia.es\/laliteraturadelamaga\/wp-json\/wp\/v2\/users\/12108"}],"replies":[{"embeddable":true,"href":"https:\/\/blogsaverroes.juntadeandalucia.es\/laliteraturadelamaga\/wp-json\/wp\/v2\/comments?post=50"}],"version-history":[{"count":2,"href":"https:\/\/blogsaverroes.juntadeandalucia.es\/laliteraturadelamaga\/wp-json\/wp\/v2\/posts\/50\/revisions"}],"predecessor-version":[{"id":56,"href":"https:\/\/blogsaverroes.juntadeandalucia.es\/laliteraturadelamaga\/wp-json\/wp\/v2\/posts\/50\/revisions\/56"}],"wp:featuredmedia":[{"embeddable":true,"href":"https:\/\/blogsaverroes.juntadeandalucia.es\/laliteraturadelamaga\/wp-json\/wp\/v2\/media\/55"}],"wp:attachment":[{"href":"https:\/\/blogsaverroes.juntadeandalucia.es\/laliteraturadelamaga\/wp-json\/wp\/v2\/media?parent=50"}],"wp:term":[{"taxonomy":"category","embeddable":true,"href":"https:\/\/blogsaverroes.juntadeandalucia.es\/laliteraturadelamaga\/wp-json\/wp\/v2\/categories?post=50"},{"taxonomy":"post_tag","embeddable":true,"href":"https:\/\/blogsaverroes.juntadeandalucia.es\/laliteraturadelamaga\/wp-json\/wp\/v2\/tags?post=50"}],"curies":[{"name":"wp","href":"https:\/\/api.w.org\/{rel}","templated":true}]}}