{"id":376,"date":"2020-11-20T23:58:34","date_gmt":"2020-11-20T23:58:34","guid":{"rendered":"https:\/\/blogsaverroes.juntadeandalucia.es\/lapandilla\/?p=376"},"modified":"2020-11-23T08:46:39","modified_gmt":"2020-11-23T08:46:39","slug":"los-determinantes-i","status":"publish","type":"post","link":"https:\/\/blogsaverroes.juntadeandalucia.es\/lapandilla\/2020\/11\/20\/los-determinantes-i\/","title":{"rendered":"Los determinantes I"},"content":{"rendered":"<p>Aunque no nos demos cuenta, cuando hablamos o escribimos usamos multitud de este tipo de palabras que llamamos determinantes. Estos determinantes pueden ser de una gran variedad, pero antes de ver los diferentes tipos de ellos, veamos qu\u00e9 son los determinantes.<\/p>\n<p>Los <strong>determinantes son palabras que acompa\u00f1an al sustantivo<\/strong>, normalmente delante del mismo, <strong>y que nos ayudan a identificarlos<\/strong>. Adem\u00e1s, una de las caracter\u00edsticas principales que tienen es que <strong>coinciden tanto en g\u00e9nero<\/strong> (masculino\/femenino) <strong>como en n\u00famero<\/strong> (singular\/plural) con ese sustantivo.<\/p>\n<p><strong><span style=\"color: #ff0000\">El<\/span><\/strong> ni\u00f1o, <span style=\"color: #ff0000\"><strong>un<\/strong> <\/span>ni\u00f1o, <span style=\"color: #ff0000\"><strong>ese<\/strong><\/span> ni\u00f1o, <strong><span style=\"color: #ff0000\">su<\/span><\/strong> ni\u00f1o,&#8230; todas estas palabras: <strong><span style=\"color: #ff0000\">el<\/span><\/strong>, <strong><span style=\"color: #ff0000\">un<\/span><\/strong>, <strong><span style=\"color: #ff0000\">ese<\/span> <\/strong>y <strong><span style=\"color: #ff0000\">su<\/span><\/strong>, concuerdan tanto en g\u00e9nero (masculino) como en n\u00famero (singular) con el sustantivo al que acompa\u00f1an, en este caso, ni\u00f1o (masculino y singular).<\/p>\n<p>Como os he comentado antes, existen una gran cantidad de ellos, y por eso vamos a comenzar a realizar una clasificaci\u00f3n de los diferentes tipos de determinantes que existen en funci\u00f3n a la relaci\u00f3n que tienen con el sustantivo, al que <strong>aportan informaci\u00f3n sobre su g\u00e9nero, n\u00famero, posici\u00f3n, cantidad,&#8230;<\/strong><\/p>\n<p>Los determinantes <strong>los podemos clasificar en art\u00edculos, demostrativos, posesivos, numerales, indefinidos, interrogativos y exclamativos.&nbsp;<\/strong><\/p>\n<hr>\n<p><span style=\"color: #3366ff;font-size: 14pt\"><strong>ART\u00cdCULOS<\/strong><\/span><\/p>\n<p>Los determinantes del tipo art\u00edculos se usan para indicar si sobre el sustantivo del que hablamos tenemos una informaci\u00f3n previa o no. Es decir, si conocemos algo sobre \u00e9l. Estos art\u00edculos <strong>se dividen en determinados e indeterminados<\/strong>.<\/p>\n<ul>\n<li><strong><span style=\"color: #3366ff\">Art\u00edculos determinados:<\/span><\/strong>&nbsp; Se usan cuando conocemos por parte del que habla y del que escucha alguna informaci\u00f3n sobre el sustantivo.\n<ul>\n<li>Estos son los siguientes: <strong><span style=\"color: #ff0000\">el, la, los, las, lo<\/span><\/strong>.<\/li>\n<li>Ejemplos:\n<ul>\n<li><strong><span style=\"color: #ff0000\">El<\/span> <\/strong>coche de mi padre (nos referimos a un \u00fanico coche, o a otro coche, por lo tanto lo conocemos y aportamos informaci\u00f3n sobre el mismo).<\/li>\n<li><span style=\"color: #ff0000\"><strong>Los<\/strong> <\/span>perros de mi vecino (nos referimos a unos perros en concreto, a los de mi vecino, y no a otros).<\/li>\n<\/ul>\n<\/li>\n<\/ul>\n<\/li>\n<li><span style=\"color: #3366ff\"><strong>Art\u00edculos indeterminados:<\/strong><\/span> Se usan cuando no conocemos por parte del que habla y del que escucha informaci\u00f3n suficiente del sustantivo.\n<ul>\n<li>Son los siguientes: <strong><span style=\"color: #ff0000\">un, una, unos, unas.<\/span><\/strong><\/li>\n<li>Ejemplos:\n<ul>\n<li>&nbsp;Hay <strong><span style=\"color: #ff0000\">un<\/span> <\/strong>gato en la calle (nos referimos a un gato, del que no sabemos ninguna informaci\u00f3n m\u00e1s, por ejemplo, su nombre, su due\u00f1o, etc&#8230;.)<\/li>\n<li>En el parque hab\u00eda <span style=\"color: #ff0000\"><strong>unas<\/strong> <\/span>personas (no aportamos informaci\u00f3n sobre las personas porque no tenemos m\u00e1s informaci\u00f3n sobre ellas).<\/li>\n<\/ul>\n<\/li>\n<\/ul>\n<\/li>\n<\/ul>\n<p>Pod\u00e9is ver la segunda parte de los determinantes donde hablamos de los demostrativos y posesivos. <strong><a href=\"https:\/\/blogsaverroes.juntadeandalucia.es\/lapandilla\/2020\/11\/20\/los-determinantes-ii\/\">(Seguir viendo segunda parte)<\/a><\/strong>.<\/p>\n<p>Nos vemos en clase,<\/p>\n<p style=\"text-align: right\">Un saludo,<\/p>\n<p style=\"text-align: right\">Jos\u00e9 Manuel.<\/p>\n","protected":false},"excerpt":{"rendered":"<p>Aunque no nos demos cuenta, cuando hablamos o escribimos usamos multitud de este tipo de palabras que llamamos determinantes. Estos&#46;&#46;&#46;<\/p>\n","protected":false},"author":8387,"featured_media":387,"comment_status":"open","ping_status":"open","sticky":false,"template":"","format":"standard","meta":{"ngg_post_thumbnail":0,"footnotes":""},"categories":[6],"tags":[136,137,130,138,48],"aioseo_notices":[],"_links":{"self":[{"href":"https:\/\/blogsaverroes.juntadeandalucia.es\/lapandilla\/wp-json\/wp\/v2\/posts\/376"}],"collection":[{"href":"https:\/\/blogsaverroes.juntadeandalucia.es\/lapandilla\/wp-json\/wp\/v2\/posts"}],"about":[{"href":"https:\/\/blogsaverroes.juntadeandalucia.es\/lapandilla\/wp-json\/wp\/v2\/types\/post"}],"author":[{"embeddable":true,"href":"https:\/\/blogsaverroes.juntadeandalucia.es\/lapandilla\/wp-json\/wp\/v2\/users\/8387"}],"replies":[{"embeddable":true,"href":"https:\/\/blogsaverroes.juntadeandalucia.es\/lapandilla\/wp-json\/wp\/v2\/comments?post=376"}],"version-history":[{"count":8,"href":"https:\/\/blogsaverroes.juntadeandalucia.es\/lapandilla\/wp-json\/wp\/v2\/posts\/376\/revisions"}],"predecessor-version":[{"id":389,"href":"https:\/\/blogsaverroes.juntadeandalucia.es\/lapandilla\/wp-json\/wp\/v2\/posts\/376\/revisions\/389"}],"wp:featuredmedia":[{"embeddable":true,"href":"https:\/\/blogsaverroes.juntadeandalucia.es\/lapandilla\/wp-json\/wp\/v2\/media\/387"}],"wp:attachment":[{"href":"https:\/\/blogsaverroes.juntadeandalucia.es\/lapandilla\/wp-json\/wp\/v2\/media?parent=376"}],"wp:term":[{"taxonomy":"category","embeddable":true,"href":"https:\/\/blogsaverroes.juntadeandalucia.es\/lapandilla\/wp-json\/wp\/v2\/categories?post=376"},{"taxonomy":"post_tag","embeddable":true,"href":"https:\/\/blogsaverroes.juntadeandalucia.es\/lapandilla\/wp-json\/wp\/v2\/tags?post=376"}],"curies":[{"name":"wp","href":"https:\/\/api.w.org\/{rel}","templated":true}]}}