{"id":191,"date":"2021-01-29T10:42:07","date_gmt":"2021-01-29T10:42:07","guid":{"rendered":"https:\/\/blogsaverroes.juntadeandalucia.es\/lassalinaspatrimonio\/?p=191"},"modified":"2021-01-29T11:40:22","modified_gmt":"2021-01-29T11:40:22","slug":"compania-de-maria","status":"publish","type":"post","link":"https:\/\/blogsaverroes.juntadeandalucia.es\/lassalinaspatrimonio\/2021\/01\/29\/compania-de-maria\/","title":{"rendered":"COMPA\u00d1IA DE MAR\u00cdA"},"content":{"rendered":"<p>Durante la Guerra de la Independencia el Convento-Colegio desempe\u00f1\u00f3 un importante papel hist\u00f3rico. El asedio de las tropas francesas a C\u00e1diz provoc\u00f3 la necesidad de alojamientos a los pol\u00edticos asediados.<\/p>\n<p>La Comunidad sali\u00f3 de la clausura, y su Casa fue Sede del Gobierno de la Regencia de Espa\u00f1a. Este Gobierno fue el que convoc\u00f3 las Cortes en La Isla en septiembre de 1810. La Casa estuvo cedida hasta 1813.<\/p>\n<p>En sus pasillos y claustros se meditaron estrategias militares, y en sus patios y huertas se fue gestando lo que ser\u00eda una nueva Espa\u00f1a, la Espa\u00f1a Moderna.<\/p>\n<p><img loading=\"lazy\" decoding=\"async\" class=\"alignnone size-medium wp-image-192\" src=\"https:\/\/blogsaverroes.juntadeandalucia.es\/lassalinaspatrimonio\/files\/2021\/01\/companiademaria-300x225.jpg\" alt=\"\" width=\"300\" height=\"225\" srcset=\"https:\/\/blogsaverroes.juntadeandalucia.es\/lassalinaspatrimonio\/files\/2021\/01\/companiademaria-300x225.jpg 300w, https:\/\/blogsaverroes.juntadeandalucia.es\/lassalinaspatrimonio\/files\/2021\/01\/companiademaria-24x18.jpg 24w, https:\/\/blogsaverroes.juntadeandalucia.es\/lassalinaspatrimonio\/files\/2021\/01\/companiademaria-36x27.jpg 36w, https:\/\/blogsaverroes.juntadeandalucia.es\/lassalinaspatrimonio\/files\/2021\/01\/companiademaria-48x36.jpg 48w, https:\/\/blogsaverroes.juntadeandalucia.es\/lassalinaspatrimonio\/files\/2021\/01\/companiademaria.jpg 360w\" sizes=\"(max-width: 300px) 100vw, 300px\" \/> <img loading=\"lazy\" decoding=\"async\" class=\"alignnone size-medium wp-image-193\" src=\"https:\/\/blogsaverroes.juntadeandalucia.es\/lassalinaspatrimonio\/files\/2021\/01\/Momento-descubre-placa-Compania_336276456_108466595_1200x675-300x169.jpg\" alt=\"\" width=\"300\" height=\"169\" srcset=\"https:\/\/blogsaverroes.juntadeandalucia.es\/lassalinaspatrimonio\/files\/2021\/01\/Momento-descubre-placa-Compania_336276456_108466595_1200x675-300x169.jpg 300w, https:\/\/blogsaverroes.juntadeandalucia.es\/lassalinaspatrimonio\/files\/2021\/01\/Momento-descubre-placa-Compania_336276456_108466595_1200x675-1024x576.jpg 1024w, https:\/\/blogsaverroes.juntadeandalucia.es\/lassalinaspatrimonio\/files\/2021\/01\/Momento-descubre-placa-Compania_336276456_108466595_1200x675-768x432.jpg 768w, https:\/\/blogsaverroes.juntadeandalucia.es\/lassalinaspatrimonio\/files\/2021\/01\/Momento-descubre-placa-Compania_336276456_108466595_1200x675-24x14.jpg 24w, https:\/\/blogsaverroes.juntadeandalucia.es\/lassalinaspatrimonio\/files\/2021\/01\/Momento-descubre-placa-Compania_336276456_108466595_1200x675-36x20.jpg 36w, https:\/\/blogsaverroes.juntadeandalucia.es\/lassalinaspatrimonio\/files\/2021\/01\/Momento-descubre-placa-Compania_336276456_108466595_1200x675-48x27.jpg 48w, https:\/\/blogsaverroes.juntadeandalucia.es\/lassalinaspatrimonio\/files\/2021\/01\/Momento-descubre-placa-Compania_336276456_108466595_1200x675.jpg 1200w\" sizes=\"(max-width: 300px) 100vw, 300px\" \/><\/p>\n","protected":false},"excerpt":{"rendered":"<p>Durante la Guerra de la Independencia el Convento-Colegio desempe\u00f1\u00f3 un importante papel hist\u00f3rico. El asedio de las tropas francesas a C\u00e1diz provoc\u00f3 la necesidad de alojamientos a los pol\u00edticos asediados. La Comunidad sali\u00f3 de&#46;&#46;&#46;<\/p>\n","protected":false},"author":11547,"featured_media":193,"comment_status":"open","ping_status":"open","sticky":false,"template":"","format":"standard","meta":{"ngg_post_thumbnail":0,"footnotes":""},"categories":[19,2],"tags":[12,22],"aioseo_notices":[],"_links":{"self":[{"href":"https:\/\/blogsaverroes.juntadeandalucia.es\/lassalinaspatrimonio\/wp-json\/wp\/v2\/posts\/191"}],"collection":[{"href":"https:\/\/blogsaverroes.juntadeandalucia.es\/lassalinaspatrimonio\/wp-json\/wp\/v2\/posts"}],"about":[{"href":"https:\/\/blogsaverroes.juntadeandalucia.es\/lassalinaspatrimonio\/wp-json\/wp\/v2\/types\/post"}],"author":[{"embeddable":true,"href":"https:\/\/blogsaverroes.juntadeandalucia.es\/lassalinaspatrimonio\/wp-json\/wp\/v2\/users\/11547"}],"replies":[{"embeddable":true,"href":"https:\/\/blogsaverroes.juntadeandalucia.es\/lassalinaspatrimonio\/wp-json\/wp\/v2\/comments?post=191"}],"version-history":[{"count":1,"href":"https:\/\/blogsaverroes.juntadeandalucia.es\/lassalinaspatrimonio\/wp-json\/wp\/v2\/posts\/191\/revisions"}],"predecessor-version":[{"id":194,"href":"https:\/\/blogsaverroes.juntadeandalucia.es\/lassalinaspatrimonio\/wp-json\/wp\/v2\/posts\/191\/revisions\/194"}],"wp:featuredmedia":[{"embeddable":true,"href":"https:\/\/blogsaverroes.juntadeandalucia.es\/lassalinaspatrimonio\/wp-json\/wp\/v2\/media\/193"}],"wp:attachment":[{"href":"https:\/\/blogsaverroes.juntadeandalucia.es\/lassalinaspatrimonio\/wp-json\/wp\/v2\/media?parent=191"}],"wp:term":[{"taxonomy":"category","embeddable":true,"href":"https:\/\/blogsaverroes.juntadeandalucia.es\/lassalinaspatrimonio\/wp-json\/wp\/v2\/categories?post=191"},{"taxonomy":"post_tag","embeddable":true,"href":"https:\/\/blogsaverroes.juntadeandalucia.es\/lassalinaspatrimonio\/wp-json\/wp\/v2\/tags?post=191"}],"curies":[{"name":"wp","href":"https:\/\/api.w.org\/{rel}","templated":true}]}}