{"id":346,"date":"2021-03-14T16:50:27","date_gmt":"2021-03-14T16:50:27","guid":{"rendered":"https:\/\/blogsaverroes.juntadeandalucia.es\/lassalinaspatrimonio\/?p=346"},"modified":"2021-03-14T17:52:10","modified_gmt":"2021-03-14T17:52:10","slug":"sara-baras","status":"publish","type":"post","link":"https:\/\/blogsaverroes.juntadeandalucia.es\/lassalinaspatrimonio\/2021\/03\/14\/sara-baras\/","title":{"rendered":"SARA BARAS"},"content":{"rendered":"<p><strong>Sara Pereyra Baras<\/strong> naci\u00f3&nbsp; el 25 de abril de 1971, conocida como Sara Baras, es una bailaora flamenca y core\u00f3grafa espa\u00f1ola. Se traslad\u00f3 con ocho a\u00f1os a&nbsp; San Fernando&nbsp; con sus padres, <strong>Concha Baras<\/strong>&nbsp;(Mar\u00eda de la Concepci\u00f3n Baras Herrera), profesora de baile flamenco y tambi\u00e9n bailaora con larga trayectoria al frente de su propia compa\u00f1\u00eda, y el coronel de infanter\u00eda de marina&nbsp;<strong>Cayetano Pereira<\/strong>.<\/p>\n<p>Su madre abri\u00f3 all\u00ed una escuela de baile e hizo de Sara la alumna m\u00e1s exigida. Con diez a\u00f1os, Sara amenizaba las cenas de gala que daban los superiores de su padre, y no transcurri\u00f3 mucho tiempo cuando ya formaba parte de \u00ab<strong>Los Ni\u00f1os de la Tertulia Flamenca<\/strong>\u00ab, un grupo con el que recorri\u00f3 todos los festivales de flamenco de Andaluc\u00eda e incluso bail\u00f3 ante la&nbsp;<strong>reina Sof\u00eda<\/strong>.<br \/>\nTras su debut en el teatro Alameda de su ciudad natal, actu\u00f3 enseguida junto a los grandes (como&nbsp;<strong>Camar\u00f3n de la Isla<\/strong>,&nbsp;<strong>Tomatito<\/strong>,&nbsp;<strong>Manuela Carrasco, Pansequito<\/strong>) antes de pasar a formar parte de la compa\u00f1\u00eda de&nbsp;<strong>Manuel Morao<\/strong>, en la que gozaba de libertad para bailar en solitario.<\/p>\n<p><strong>Trayectoria<\/strong><br \/>\nSara present\u00f3 su propia compa\u00f1\u00eda,&nbsp;<strong>\u00abel Ballet Flamenco Sara Baras\u00bb<\/strong>, a finales de 1997 como cierre del XXXVII Festival Nacional del Cante de las Minas, y obtuvo el benepl\u00e1cito de cr\u00edtica y p\u00fablico. En abril del a\u00f1o siguiente, con un espect\u00e1culo que titul\u00f3&nbsp;<strong>\u00abSensaciones\u00bb<\/strong>, un recorrido por los distintos palos del flamenco en el que bailaba una farruca con pantalones que puso en pie al Auditorio de Murcia, inici\u00f3 el gran despegue.<br \/>\nSara Baras ha incursionado tambi\u00e9n dentro de otras ramas del arte distintas a la danza. Por ejemplo en el mundo de la moda. Tal es el caso de su aparici\u00f3n en la Semana de la Moda de Londres, donde se present\u00f3 como broche final de la colecci\u00f3n de<strong>&nbsp;Amaya Arzuaga<\/strong>. Adem\u00e1s dio&nbsp; a conocer la colecci\u00f3n de ropa interior de la firma <strong>Triumph<\/strong>, donde de no solo luci\u00f3 la ropa sino que dirigi\u00f3 y coreografi\u00f3 el montaje.<br \/>\nEn 1999, retoma la danza y elabora el montaje de \u00ab<strong>Sue\u00f1os<\/strong>\u00ab. Con esta coreograf\u00eda el Ballet Flamenco Sara Baras ha realizado 50 representaciones por todos los teatros del territorio espa\u00f1ol, consiguiendo un gran \u00e9xito no s\u00f3lo en la opini\u00f3n del p\u00fablico, sino tambi\u00e9n halagos por la cr\u00edtica especializada. Ese mismo a\u00f1o, vuelve a recibir un galard\u00f3n, Premio Max, por ser considerada la mejor int\u00e9rprete de Danza.&nbsp;<\/p>\n<p>Tiene una gran trayectoria profesional, de tal forma destacamos los espect\u00e1culos : Mariana Pineda, Juana La Loca, La Pepa, Sabores, Medusa, Sombras y Sara Baras 360\u00ba.<\/p>\n<p>Ha obtenido numerosos premios a lo largo de su carrera, donde destacamos los siguientes:<\/p>\n<ul>\n<li>En el 2020:\n<ul>\n<li>Medalla de Oro al M\u00e9rito en las Bellas Artes<\/li>\n<li>Olivier Award: Exceptional Achievement in Dance.<\/li>\n<li>Premio Solidario Ciudad de Sevilla. Fundaci\u00f3n Cajasol y Festival de las Naciones.<\/li>\n<\/ul>\n<\/li>\n<li>En el 2018\n<ul>\n<li>Galardo\u0301n \u201cPersonaje del An\u0303o\u201d de la Revista Fuera de Serie (Unidad Editorial) \u201cEmbajadora de la Provincia de Ca\u0301diz\u201d.<\/li>\n<li>Premio Festival Internacional de Teatro, Mu\u0301sica y danza de San Javier ( Murcia) \u201cSara Baras. Todas las voces\u201d.<\/li>\n<li>Finalista Mejor Documental Premios Forque\u0301 Mejor Largometraje Documental.<\/li>\n<li>Premio Miradas. (Docs Valencia 2018) \u2013 Valencia.<\/li>\n<\/ul>\n<\/li>\n<li>En el 2013\n<ul>\n<li>&nbsp;Primera Artista Espa\u00f1ola en tener una r\u00e9plica en Mu\u00f1eca Barbie. \u201cBarbie Sara Baras\u201d- de Mattel. Madrid<\/li>\n<li><strong>\u201cMedalla de la Ciudad de San Fernando\u201d Alcald\u00eda de San Fernando, C\u00e1diz.<\/strong><\/li>\n<li>\u201cPremio La Pesquera \u2013 Mejor bailaora de flamenco\u201d por La Pepa Grupo de Restauraci\u00f3n \u2018\u2018La Pesquera\u2019.<\/li>\n<\/ul>\n<\/li>\n<li>En el 2007-2009\n<ul>\n<li>M\u00e9daille de Vermeil de la Ville de Paris \u2013 Francia.<\/li>\n<li>Premio a una vida dedicada al baile. 40\u00ba aniversario de El Corral de La Pacheca.<\/li>\n<li>Premio \u201cGiraldillo de Oro\u201d a la mejor direcci\u00f3n esc\u00e9nica. Bienal de Flamenco 2008 por \u201cCarmen\u201d.<\/li>\n<li>\u201cPremio de Rojas\u201d -Mejor Espect\u00e1culo de danza: \u201cSabores\u201d-, otorgado por los propios espectadores del Coliseo toledano que reciben en sus casas la programaci\u00f3n del teatro y acuden regularmente a las representaciones.<\/li>\n<li>\u201cPremio Galileo 2000\u201d -por una vida dedicada a la danza-, otorgado por La ciudad de Florencia a trav\u00e9s de Agenzia Genelare di Firenze.<\/li>\n<li>\u201cMedalla de Plata\u201d otorgado por el Ayuntamiento de la Ciudad de Zaragoza.<\/li>\n<li><strong>\u201cPremio a la identidad isle\u00f1a\u201d otorgado por el ayuntamiento de la Ciudad de San Fernando, C\u00e1diz.<\/strong><\/li>\n<li>&nbsp;\u201cPremio Flamenco hoy a la mejor bailaora del a\u00f1o\u201d, otorgado por el asociaci\u00f3n de cr\u00edticos del flamenco.<\/li>\n<li>\u201cPremio El Quijote flamenco\u201d a la mejor bailaora del a\u00f1o, otorgado por el p\u00fablico cibernauta de la p\u00e1gina web, flamenco.com.<\/li>\n<li>\u201cPremio Puerta de Andaluc\u00eda\u201d, otorgado por la junta de Andaluc\u00eda y la cadenas Summa Hoteles.<\/li>\n<\/ul>\n<\/li>\n<li>En el&nbsp; 2004-2006\n<ul>\n<li>\u201cPremio Teatre\u201d al mejor espect\u00e1culo del a\u00f1o otorgado por la prensa especializada, catalana.<\/li>\n<li>Gaditana del a\u00f1o.<\/li>\n<li>Hija Predilecta de C\u00e1diz \u2013 Corporaci\u00f3n Municipal.<\/li>\n<li>\u201cCoraz\u00f3n de Oro\u201d otorgado por la Fundaci\u00f3n Espa\u00f1ola del Coraz\u00f3n.<\/li>\n<li><strong>Medalla de Oro de Andaluc\u00eda.<\/strong><\/li>\n<li>Premio \u201cWomen Together\u201d otorgado por la Fundaci\u00f3n Women Together, organismo colaborador de la UNESCO, en el marco del \u201cDi\u00e1logo sobre pobreza, microcr\u00e9dito y desarrollo\u201d del Forum Barcelona 2004.<\/li>\n<li>Premio \u201cMicr\u00f3fono de Oro\u201d, otorgado por la Asociaci\u00f3n Espa\u00f1ola de Radio Y Televisi\u00f3n.<\/li>\n<li>Premio al Mejor Espect\u00e1culo de Danza otorgado por el p\u00fablico del Teatro Metropol de Tarragona por el espect\u00e1culo Mariana Pineda.<\/li>\n<li>\u201cPremio a la Creatividad\u201d por la Comunidad de Madrid y la Fundaci\u00f3n Camilo Jos\u00e9 Cela.<\/li>\n<\/ul>\n<\/li>\n<\/ul>\n<p><img loading=\"lazy\" decoding=\"async\" class=\"alignnone size-full wp-image-347\" src=\"https:\/\/blogsaverroes.juntadeandalucia.es\/lassalinaspatrimonio\/files\/2021\/03\/Sara-Baras.jpeg\" alt=\"\" width=\"275\" height=\"183\"> <img loading=\"lazy\" decoding=\"async\" class=\"alignnone size-medium wp-image-348\" src=\"https:\/\/blogsaverroes.juntadeandalucia.es\/lassalinaspatrimonio\/files\/2021\/03\/Sara-Baras-2.jpeg\" alt=\"\" width=\"224\" height=\"225\" srcset=\"https:\/\/blogsaverroes.juntadeandalucia.es\/lassalinaspatrimonio\/files\/2021\/03\/Sara-Baras-2.jpeg 224w, https:\/\/blogsaverroes.juntadeandalucia.es\/lassalinaspatrimonio\/files\/2021\/03\/Sara-Baras-2-150x150.jpeg 150w, https:\/\/blogsaverroes.juntadeandalucia.es\/lassalinaspatrimonio\/files\/2021\/03\/Sara-Baras-2-80x80.jpeg 80w\" sizes=\"(max-width: 224px) 100vw, 224px\" \/><\/p>\n","protected":false},"excerpt":{"rendered":"<p>Sara Pereyra Baras naci\u00f3&nbsp; el 25 de abril de 1971, conocida como Sara Baras, es una bailaora flamenca y core\u00f3grafa espa\u00f1ola. Se traslad\u00f3 con ocho a\u00f1os a&nbsp; San Fernando&nbsp; con sus padres, Concha Baras&nbsp;(Mar\u00eda&#46;&#46;&#46;<\/p>\n","protected":false},"author":11547,"featured_media":347,"comment_status":"open","ping_status":"open","sticky":false,"template":"","format":"standard","meta":{"ngg_post_thumbnail":0,"footnotes":""},"categories":[19,2],"tags":[15],"aioseo_notices":[],"_links":{"self":[{"href":"https:\/\/blogsaverroes.juntadeandalucia.es\/lassalinaspatrimonio\/wp-json\/wp\/v2\/posts\/346"}],"collection":[{"href":"https:\/\/blogsaverroes.juntadeandalucia.es\/lassalinaspatrimonio\/wp-json\/wp\/v2\/posts"}],"about":[{"href":"https:\/\/blogsaverroes.juntadeandalucia.es\/lassalinaspatrimonio\/wp-json\/wp\/v2\/types\/post"}],"author":[{"embeddable":true,"href":"https:\/\/blogsaverroes.juntadeandalucia.es\/lassalinaspatrimonio\/wp-json\/wp\/v2\/users\/11547"}],"replies":[{"embeddable":true,"href":"https:\/\/blogsaverroes.juntadeandalucia.es\/lassalinaspatrimonio\/wp-json\/wp\/v2\/comments?post=346"}],"version-history":[{"count":3,"href":"https:\/\/blogsaverroes.juntadeandalucia.es\/lassalinaspatrimonio\/wp-json\/wp\/v2\/posts\/346\/revisions"}],"predecessor-version":[{"id":356,"href":"https:\/\/blogsaverroes.juntadeandalucia.es\/lassalinaspatrimonio\/wp-json\/wp\/v2\/posts\/346\/revisions\/356"}],"wp:featuredmedia":[{"embeddable":true,"href":"https:\/\/blogsaverroes.juntadeandalucia.es\/lassalinaspatrimonio\/wp-json\/wp\/v2\/media\/347"}],"wp:attachment":[{"href":"https:\/\/blogsaverroes.juntadeandalucia.es\/lassalinaspatrimonio\/wp-json\/wp\/v2\/media?parent=346"}],"wp:term":[{"taxonomy":"category","embeddable":true,"href":"https:\/\/blogsaverroes.juntadeandalucia.es\/lassalinaspatrimonio\/wp-json\/wp\/v2\/categories?post=346"},{"taxonomy":"post_tag","embeddable":true,"href":"https:\/\/blogsaverroes.juntadeandalucia.es\/lassalinaspatrimonio\/wp-json\/wp\/v2\/tags?post=346"}],"curies":[{"name":"wp","href":"https:\/\/api.w.org\/{rel}","templated":true}]}}