{"id":601,"date":"2021-06-17T17:00:45","date_gmt":"2021-06-17T17:00:45","guid":{"rendered":"https:\/\/blogsaverroes.juntadeandalucia.es\/lassalinaspatrimonio\/?p=601"},"modified":"2021-06-17T17:00:45","modified_gmt":"2021-06-17T17:00:45","slug":"el-ruido","status":"publish","type":"post","link":"https:\/\/blogsaverroes.juntadeandalucia.es\/lassalinaspatrimonio\/2021\/06\/17\/el-ruido\/","title":{"rendered":"El ruido"},"content":{"rendered":"<p>Nuestro alumnado de 2\u00ba ESO ha trabajado en clase c\u00f3mo afecta el ruido a nuestra ciudad.Tanto el exceso de iluminaci\u00f3n artificial como el de ruidos perturban gravemente el medioambiente en las ciudades y requieren de medidas de control adecuadas.<\/p>\n<p>Se considera contaminaci\u00f3n ac\u00fastica a todo sonido que, por su exceso o intensidad de niveles, perturba el ambiente en un entorno determinado. Hace referencia al ruido: todo sonido no deseado que supone, por tanto, una perturbaci\u00f3n, molestia o da\u00f1o.<\/p>\n<p>Se trata de una de las fuentes de contaminaci\u00f3n m\u00e1s claramente asociadas con la vida en las ciudades. El ruido no s\u00f3lo afecta a nuestra salud y calidad de vida, sino tambi\u00e9n a nuestro comportamiento social y desarrollo cognitivo.<\/p>\n<p>Os adjuntamos un enlace sobre la Contaminaci\u00f3n Ac\u00fastica, en ella nos explica muy bien que es la contaminaci\u00f3n, los efectos nocivos para la salud, los instrumentos de Evaluaci\u00f3n y Gesti\u00f3n de la contaminaci\u00f3n, su entorno normativo entre otras cosas.<\/p>\n<p><a href=\"http:\/\/www.juntadeandalucia.es\/medioambiente\/site\/portalweb\/menuitem.220de8226575045b25f09a105510e1ca\/?vgnextoid=cdf2e6f6301f4310VgnVCM2000000624e50aRCRD&amp;vgnextchannel=cdf2e6f6301f4310VgnVCM2000000624e50aRCRD\">http:\/\/www.juntadeandalucia.es\/medioambiente\/site\/portalweb\/menuitem.220de8226575045b25f09a105510e1ca\/?vgnextoid=cdf2e6f6301f4310VgnVCM2000000624e50aRCRD&amp;vgnextchannel=cdf2e6f6301f4310VgnVCM2000000624e50aRCRD<\/a><\/p>\n","protected":false},"excerpt":{"rendered":"<p>Nuestro alumnado de 2\u00ba ESO ha trabajado en clase c\u00f3mo afecta el ruido a nuestra ciudad.Tanto el exceso de iluminaci\u00f3n artificial como el de ruidos perturban gravemente el medioambiente en las ciudades y requieren&#46;&#46;&#46;<\/p>\n","protected":false},"author":11547,"featured_media":602,"comment_status":"open","ping_status":"open","sticky":false,"template":"","format":"standard","meta":{"ngg_post_thumbnail":0,"footnotes":""},"categories":[35],"tags":[16],"aioseo_notices":[],"_links":{"self":[{"href":"https:\/\/blogsaverroes.juntadeandalucia.es\/lassalinaspatrimonio\/wp-json\/wp\/v2\/posts\/601"}],"collection":[{"href":"https:\/\/blogsaverroes.juntadeandalucia.es\/lassalinaspatrimonio\/wp-json\/wp\/v2\/posts"}],"about":[{"href":"https:\/\/blogsaverroes.juntadeandalucia.es\/lassalinaspatrimonio\/wp-json\/wp\/v2\/types\/post"}],"author":[{"embeddable":true,"href":"https:\/\/blogsaverroes.juntadeandalucia.es\/lassalinaspatrimonio\/wp-json\/wp\/v2\/users\/11547"}],"replies":[{"embeddable":true,"href":"https:\/\/blogsaverroes.juntadeandalucia.es\/lassalinaspatrimonio\/wp-json\/wp\/v2\/comments?post=601"}],"version-history":[{"count":1,"href":"https:\/\/blogsaverroes.juntadeandalucia.es\/lassalinaspatrimonio\/wp-json\/wp\/v2\/posts\/601\/revisions"}],"predecessor-version":[{"id":603,"href":"https:\/\/blogsaverroes.juntadeandalucia.es\/lassalinaspatrimonio\/wp-json\/wp\/v2\/posts\/601\/revisions\/603"}],"wp:featuredmedia":[{"embeddable":true,"href":"https:\/\/blogsaverroes.juntadeandalucia.es\/lassalinaspatrimonio\/wp-json\/wp\/v2\/media\/602"}],"wp:attachment":[{"href":"https:\/\/blogsaverroes.juntadeandalucia.es\/lassalinaspatrimonio\/wp-json\/wp\/v2\/media?parent=601"}],"wp:term":[{"taxonomy":"category","embeddable":true,"href":"https:\/\/blogsaverroes.juntadeandalucia.es\/lassalinaspatrimonio\/wp-json\/wp\/v2\/categories?post=601"},{"taxonomy":"post_tag","embeddable":true,"href":"https:\/\/blogsaverroes.juntadeandalucia.es\/lassalinaspatrimonio\/wp-json\/wp\/v2\/tags?post=601"}],"curies":[{"name":"wp","href":"https:\/\/api.w.org\/{rel}","templated":true}]}}