{"id":132,"date":"2016-11-27T19:20:03","date_gmt":"2016-11-27T19:20:03","guid":{"rendered":"http:\/\/blogsaverroes.juntadeandalucia.es\/lavozdecarlosv\/?p=132"},"modified":"2016-11-27T19:32:09","modified_gmt":"2016-11-27T19:32:09","slug":"audiocuento-del-otono","status":"publish","type":"post","link":"https:\/\/blogsaverroes.juntadeandalucia.es\/lavozdecarlosv\/2016\/11\/27\/audiocuento-del-otono\/","title":{"rendered":"Audiocuento del oto\u00f1o"},"content":{"rendered":"<p>Los alumnos de 3\u00ba A han realizado un peque\u00f1o audiocuento sobre el oto\u00f1o dentro del proyecto que est\u00e1 realizando sobre esta estaci\u00f3n. Ha participado toda la clase en la elaboraci\u00f3n de las p\u00e1ginas y en la grabaci\u00f3n del audio.<\/p>\n<div style=\"width: 854px;\" class=\"wp-video\"><!--[if lt IE 9]><script>document.createElement('video');<\/script><![endif]-->\n<video class=\"wp-video-shortcode\" id=\"video-132-1\" width=\"854\" height=\"480\" preload=\"metadata\" controls=\"controls\"><source type=\"video\/mp4\" src=\"http:\/\/blogsaverroes.juntadeandalucia.es\/lavozdecarlosv\/files\/2016\/11\/El-oto\u00f1o.mp4?_=1\" \/><a href=\"http:\/\/blogsaverroes.juntadeandalucia.es\/lavozdecarlosv\/files\/2016\/11\/El-oto\u00f1o.mp4\">http:\/\/blogsaverroes.juntadeandalucia.es\/lavozdecarlosv\/files\/2016\/11\/El-oto\u00f1o.mp4<\/a><\/video><\/div>\n<p>&nbsp;<\/p>\n<p>&nbsp;<\/p>\n","protected":false},"excerpt":{"rendered":"<p>Los alumnos de 3\u00ba A han realizado un peque\u00f1o audiocuento sobre el oto\u00f1o dentro del proyecto que est\u00e1 realizando sobre esta estaci\u00f3n. Ha participado toda la clase en la elaboraci\u00f3n de las p\u00e1ginas y&#46;&#46;&#46;<\/p>\n","protected":false},"author":4373,"featured_media":0,"comment_status":"open","ping_status":"open","sticky":false,"template":"","format":"standard","meta":{"ngg_post_thumbnail":0,"footnotes":""},"categories":[1110,4177],"tags":[924142,5965,924147],"aioseo_notices":[],"_links":{"self":[{"href":"https:\/\/blogsaverroes.juntadeandalucia.es\/lavozdecarlosv\/wp-json\/wp\/v2\/posts\/132"}],"collection":[{"href":"https:\/\/blogsaverroes.juntadeandalucia.es\/lavozdecarlosv\/wp-json\/wp\/v2\/posts"}],"about":[{"href":"https:\/\/blogsaverroes.juntadeandalucia.es\/lavozdecarlosv\/wp-json\/wp\/v2\/types\/post"}],"author":[{"embeddable":true,"href":"https:\/\/blogsaverroes.juntadeandalucia.es\/lavozdecarlosv\/wp-json\/wp\/v2\/users\/4373"}],"replies":[{"embeddable":true,"href":"https:\/\/blogsaverroes.juntadeandalucia.es\/lavozdecarlosv\/wp-json\/wp\/v2\/comments?post=132"}],"version-history":[{"count":3,"href":"https:\/\/blogsaverroes.juntadeandalucia.es\/lavozdecarlosv\/wp-json\/wp\/v2\/posts\/132\/revisions"}],"predecessor-version":[{"id":136,"href":"https:\/\/blogsaverroes.juntadeandalucia.es\/lavozdecarlosv\/wp-json\/wp\/v2\/posts\/132\/revisions\/136"}],"wp:attachment":[{"href":"https:\/\/blogsaverroes.juntadeandalucia.es\/lavozdecarlosv\/wp-json\/wp\/v2\/media?parent=132"}],"wp:term":[{"taxonomy":"category","embeddable":true,"href":"https:\/\/blogsaverroes.juntadeandalucia.es\/lavozdecarlosv\/wp-json\/wp\/v2\/categories?post=132"},{"taxonomy":"post_tag","embeddable":true,"href":"https:\/\/blogsaverroes.juntadeandalucia.es\/lavozdecarlosv\/wp-json\/wp\/v2\/tags?post=132"}],"curies":[{"name":"wp","href":"https:\/\/api.w.org\/{rel}","templated":true}]}}