{"id":163,"date":"2016-12-01T06:45:06","date_gmt":"2016-12-01T06:45:06","guid":{"rendered":"http:\/\/blogsaverroes.juntadeandalucia.es\/lavozdecarlosv\/?p=163"},"modified":"2016-12-01T06:57:38","modified_gmt":"2016-12-01T06:57:38","slug":"ampa","status":"publish","type":"post","link":"https:\/\/blogsaverroes.juntadeandalucia.es\/lavozdecarlosv\/2016\/12\/01\/ampa\/","title":{"rendered":"AMPA"},"content":{"rendered":"<p>En esta escuela tod@s tenemos mucho que decir, todos tenem<a href=\"http:\/\/blogsaverroes.juntadeandalucia.es\/lavozdecarlosv\/files\/2016\/12\/logo_ampa.gif\"><img loading=\"lazy\" decoding=\"async\" class=\" size-medium wp-image-165 alignright\" src=\"http:\/\/blogsaverroes.juntadeandalucia.es\/lavozdecarlosv\/files\/2016\/12\/logo_ampa-300x154.gif\" alt=\"logo_ampa\" width=\"300\" height=\"154\" \/><\/a>os mucho que escribir. En nuestro peri\u00f3dico escriben y dicen mucho sobre todos nuestros ni\u00f1os y ni\u00f1as pero tambi\u00e9n nuestras familias. En esta secci\u00f3n incluiremos las noticias elaboradas por la AMPA.<\/p>\n<p>Desde aqu\u00ed agradecer el esfuerzo, tiempo, compromiso y trabajo que realiza nuestra AMPA para que nuestros ni\u00f1os y ni\u00f1as reciban las mejores oportunidades.<\/p>\n<p>Muchas gracias, sin vosotr@s el cole no ser\u00eda el mismo.<\/p>\n<p>La escuela se hace, se construye, entre tod@s.<\/p>\n<p>&nbsp;<\/p>\n","protected":false},"excerpt":{"rendered":"<p>En esta escuela tod@s tenemos mucho que decir, todos tenemos mucho que escribir. En nuestro peri\u00f3dico escriben y dicen mucho sobre todos nuestros ni\u00f1os y ni\u00f1as pero tambi\u00e9n nuestras familias. En esta secci\u00f3n incluiremos&#46;&#46;&#46;<\/p>\n","protected":false},"author":4137,"featured_media":0,"comment_status":"open","ping_status":"open","sticky":false,"template":"","format":"standard","meta":{"ngg_post_thumbnail":0,"footnotes":""},"categories":[1696],"tags":[924148],"aioseo_notices":[],"_links":{"self":[{"href":"https:\/\/blogsaverroes.juntadeandalucia.es\/lavozdecarlosv\/wp-json\/wp\/v2\/posts\/163"}],"collection":[{"href":"https:\/\/blogsaverroes.juntadeandalucia.es\/lavozdecarlosv\/wp-json\/wp\/v2\/posts"}],"about":[{"href":"https:\/\/blogsaverroes.juntadeandalucia.es\/lavozdecarlosv\/wp-json\/wp\/v2\/types\/post"}],"author":[{"embeddable":true,"href":"https:\/\/blogsaverroes.juntadeandalucia.es\/lavozdecarlosv\/wp-json\/wp\/v2\/users\/4137"}],"replies":[{"embeddable":true,"href":"https:\/\/blogsaverroes.juntadeandalucia.es\/lavozdecarlosv\/wp-json\/wp\/v2\/comments?post=163"}],"version-history":[{"count":4,"href":"https:\/\/blogsaverroes.juntadeandalucia.es\/lavozdecarlosv\/wp-json\/wp\/v2\/posts\/163\/revisions"}],"predecessor-version":[{"id":168,"href":"https:\/\/blogsaverroes.juntadeandalucia.es\/lavozdecarlosv\/wp-json\/wp\/v2\/posts\/163\/revisions\/168"}],"wp:attachment":[{"href":"https:\/\/blogsaverroes.juntadeandalucia.es\/lavozdecarlosv\/wp-json\/wp\/v2\/media?parent=163"}],"wp:term":[{"taxonomy":"category","embeddable":true,"href":"https:\/\/blogsaverroes.juntadeandalucia.es\/lavozdecarlosv\/wp-json\/wp\/v2\/categories?post=163"},{"taxonomy":"post_tag","embeddable":true,"href":"https:\/\/blogsaverroes.juntadeandalucia.es\/lavozdecarlosv\/wp-json\/wp\/v2\/tags?post=163"}],"curies":[{"name":"wp","href":"https:\/\/api.w.org\/{rel}","templated":true}]}}