{"id":177,"date":"2016-12-05T19:36:37","date_gmt":"2016-12-05T19:36:37","guid":{"rendered":"http:\/\/blogsaverroes.juntadeandalucia.es\/lavozdecarlosv\/?p=177"},"modified":"2016-12-06T21:22:01","modified_gmt":"2016-12-06T21:22:01","slug":"gracias-ampa","status":"publish","type":"post","link":"https:\/\/blogsaverroes.juntadeandalucia.es\/lavozdecarlosv\/2016\/12\/05\/gracias-ampa\/","title":{"rendered":"Gracias AMPA"},"content":{"rendered":"<p>Much<a href=\"http:\/\/blogsaverroes.juntadeandalucia.es\/lavozdecarlosv\/files\/2016\/12\/IMG_6742-FILEminimizer.jpg\"><img loading=\"lazy\" decoding=\"async\" class=\" size-medium wp-image-184 alignright\" src=\"http:\/\/blogsaverroes.juntadeandalucia.es\/lavozdecarlosv\/files\/2016\/12\/IMG_6742-FILEminimizer-300x225.jpg\" alt=\"IMG_6742 (FILEminimizer)\" width=\"300\" height=\"225\" srcset=\"https:\/\/blogsaverroes.juntadeandalucia.es\/lavozdecarlosv\/files\/2016\/12\/IMG_6742-FILEminimizer-300x225.jpg 300w, https:\/\/blogsaverroes.juntadeandalucia.es\/lavozdecarlosv\/files\/2016\/12\/IMG_6742-FILEminimizer.jpg 1024w, https:\/\/blogsaverroes.juntadeandalucia.es\/lavozdecarlosv\/files\/2016\/12\/IMG_6742-FILEminimizer-24x18.jpg 24w, https:\/\/blogsaverroes.juntadeandalucia.es\/lavozdecarlosv\/files\/2016\/12\/IMG_6742-FILEminimizer-36x27.jpg 36w, https:\/\/blogsaverroes.juntadeandalucia.es\/lavozdecarlosv\/files\/2016\/12\/IMG_6742-FILEminimizer-48x36.jpg 48w\" sizes=\"(max-width: 300px) 100vw, 300px\" \/><\/a>as gracias a las madres que nos ayudan de forma voluntaria con las actividades del colegio, el viernes nos trajeron tartas para todas las clases del colegio Carlos V, con las cuales se celebr\u00f3 el d\u00eda de la Constituci\u00f3n Espa\u00f1ola. Todos y todas somos responsables de la educaci\u00f3n de nuestro alumnado pero sin la colaboraci\u00f3n e implicaci\u00f3n de los padres es m\u00e1s dif\u00edcil, as\u00ed que agradeceros vuestra dedicaci\u00f3n y apoyo.<\/p>\n<p>&nbsp;<\/p>\n","protected":false},"excerpt":{"rendered":"<p>Muchas gracias a las madres que nos ayudan de forma voluntaria con las actividades del colegio, el viernes nos trajeron tartas para todas las clases del colegio Carlos V, con las cuales se celebr\u00f3&#46;&#46;&#46;<\/p>\n","protected":false},"author":4372,"featured_media":0,"comment_status":"open","ping_status":"open","sticky":false,"template":"","format":"standard","meta":{"ngg_post_thumbnail":0,"footnotes":""},"categories":[1696],"tags":[924148],"aioseo_notices":[],"_links":{"self":[{"href":"https:\/\/blogsaverroes.juntadeandalucia.es\/lavozdecarlosv\/wp-json\/wp\/v2\/posts\/177"}],"collection":[{"href":"https:\/\/blogsaverroes.juntadeandalucia.es\/lavozdecarlosv\/wp-json\/wp\/v2\/posts"}],"about":[{"href":"https:\/\/blogsaverroes.juntadeandalucia.es\/lavozdecarlosv\/wp-json\/wp\/v2\/types\/post"}],"author":[{"embeddable":true,"href":"https:\/\/blogsaverroes.juntadeandalucia.es\/lavozdecarlosv\/wp-json\/wp\/v2\/users\/4372"}],"replies":[{"embeddable":true,"href":"https:\/\/blogsaverroes.juntadeandalucia.es\/lavozdecarlosv\/wp-json\/wp\/v2\/comments?post=177"}],"version-history":[{"count":3,"href":"https:\/\/blogsaverroes.juntadeandalucia.es\/lavozdecarlosv\/wp-json\/wp\/v2\/posts\/177\/revisions"}],"predecessor-version":[{"id":185,"href":"https:\/\/blogsaverroes.juntadeandalucia.es\/lavozdecarlosv\/wp-json\/wp\/v2\/posts\/177\/revisions\/185"}],"wp:attachment":[{"href":"https:\/\/blogsaverroes.juntadeandalucia.es\/lavozdecarlosv\/wp-json\/wp\/v2\/media?parent=177"}],"wp:term":[{"taxonomy":"category","embeddable":true,"href":"https:\/\/blogsaverroes.juntadeandalucia.es\/lavozdecarlosv\/wp-json\/wp\/v2\/categories?post=177"},{"taxonomy":"post_tag","embeddable":true,"href":"https:\/\/blogsaverroes.juntadeandalucia.es\/lavozdecarlosv\/wp-json\/wp\/v2\/tags?post=177"}],"curies":[{"name":"wp","href":"https:\/\/api.w.org\/{rel}","templated":true}]}}