{"id":479,"date":"2017-12-17T20:19:25","date_gmt":"2017-12-17T20:19:25","guid":{"rendered":"http:\/\/blogsaverroes.juntadeandalucia.es\/lavozdecarlosv\/?p=479"},"modified":"2017-12-17T20:19:25","modified_gmt":"2017-12-17T20:19:25","slug":"el-origen-de-la-vida","status":"publish","type":"post","link":"https:\/\/blogsaverroes.juntadeandalucia.es\/lavozdecarlosv\/2017\/12\/17\/el-origen-de-la-vida\/","title":{"rendered":"El origen de la vida"},"content":{"rendered":"<p class=\"Standard\"><a href=\"https:\/\/blogsaverroes.juntadeandalucia.es\/lavozdecarlosv\/files\/2017\/12\/origen-de-la-vida.jpg\"><img loading=\"lazy\" decoding=\"async\" class=\"wp-image-480 alignright\" src=\"https:\/\/blogsaverroes.juntadeandalucia.es\/lavozdecarlosv\/files\/2017\/12\/origen-de-la-vida-300x194.jpg\" alt=\"\" width=\"334\" height=\"216\" srcset=\"https:\/\/blogsaverroes.juntadeandalucia.es\/lavozdecarlosv\/files\/2017\/12\/origen-de-la-vida-300x194.jpg 300w, https:\/\/blogsaverroes.juntadeandalucia.es\/lavozdecarlosv\/files\/2017\/12\/origen-de-la-vida-768x495.jpg 768w, https:\/\/blogsaverroes.juntadeandalucia.es\/lavozdecarlosv\/files\/2017\/12\/origen-de-la-vida-24x15.jpg 24w, https:\/\/blogsaverroes.juntadeandalucia.es\/lavozdecarlosv\/files\/2017\/12\/origen-de-la-vida-36x23.jpg 36w, https:\/\/blogsaverroes.juntadeandalucia.es\/lavozdecarlosv\/files\/2017\/12\/origen-de-la-vida-48x31.jpg 48w, https:\/\/blogsaverroes.juntadeandalucia.es\/lavozdecarlosv\/files\/2017\/12\/origen-de-la-vida.jpg 1023w\" sizes=\"(max-width: 334px) 100vw, 334px\" \/><\/a>\u00bfDe d\u00f3nde procede la vida?\u00bfEn qu\u00e9 lugar del universo apareci\u00f3 en primer lugar?\u00bfEn qu\u00e9 mar y sobre que continente aparecieron las primeras c\u00e9lulas que se desarrollaron. Es a\u00fan dif\u00edcil dar respuesta clara a todas estas cuestiones. El sistema solar del cual forma parte nuestro planeta apareci\u00f3 hace m\u00e1s de 4.600 millones de a\u00f1os. No sabemos exactamente cu\u00e1l fue el desencadenante de la vida en la tierra.<\/p>\n<p class=\"Standard\">&nbsp;<\/p>\n<p class=\"Standard\">Autores: Yerai y Alex 3\u00baB<\/p>\n","protected":false},"excerpt":{"rendered":"<p>\u00bfDe d\u00f3nde procede la vida?\u00bfEn qu\u00e9 lugar del universo apareci\u00f3 en primer lugar?\u00bfEn qu\u00e9 mar y sobre que continente aparecieron las primeras c\u00e9lulas que se desarrollaron. Es a\u00fan dif\u00edcil dar respuesta clara a todas&#46;&#46;&#46;<\/p>\n","protected":false},"author":4137,"featured_media":0,"comment_status":"open","ping_status":"open","sticky":false,"template":"","format":"standard","meta":{"ngg_post_thumbnail":0,"footnotes":""},"categories":[1110],"tags":[924142],"aioseo_notices":[],"_links":{"self":[{"href":"https:\/\/blogsaverroes.juntadeandalucia.es\/lavozdecarlosv\/wp-json\/wp\/v2\/posts\/479"}],"collection":[{"href":"https:\/\/blogsaverroes.juntadeandalucia.es\/lavozdecarlosv\/wp-json\/wp\/v2\/posts"}],"about":[{"href":"https:\/\/blogsaverroes.juntadeandalucia.es\/lavozdecarlosv\/wp-json\/wp\/v2\/types\/post"}],"author":[{"embeddable":true,"href":"https:\/\/blogsaverroes.juntadeandalucia.es\/lavozdecarlosv\/wp-json\/wp\/v2\/users\/4137"}],"replies":[{"embeddable":true,"href":"https:\/\/blogsaverroes.juntadeandalucia.es\/lavozdecarlosv\/wp-json\/wp\/v2\/comments?post=479"}],"version-history":[{"count":1,"href":"https:\/\/blogsaverroes.juntadeandalucia.es\/lavozdecarlosv\/wp-json\/wp\/v2\/posts\/479\/revisions"}],"predecessor-version":[{"id":481,"href":"https:\/\/blogsaverroes.juntadeandalucia.es\/lavozdecarlosv\/wp-json\/wp\/v2\/posts\/479\/revisions\/481"}],"wp:attachment":[{"href":"https:\/\/blogsaverroes.juntadeandalucia.es\/lavozdecarlosv\/wp-json\/wp\/v2\/media?parent=479"}],"wp:term":[{"taxonomy":"category","embeddable":true,"href":"https:\/\/blogsaverroes.juntadeandalucia.es\/lavozdecarlosv\/wp-json\/wp\/v2\/categories?post=479"},{"taxonomy":"post_tag","embeddable":true,"href":"https:\/\/blogsaverroes.juntadeandalucia.es\/lavozdecarlosv\/wp-json\/wp\/v2\/tags?post=479"}],"curies":[{"name":"wp","href":"https:\/\/api.w.org\/{rel}","templated":true}]}}