{"id":500,"date":"2017-12-17T20:40:39","date_gmt":"2017-12-17T20:40:39","guid":{"rendered":"http:\/\/blogsaverroes.juntadeandalucia.es\/lavozdecarlosv\/?p=500"},"modified":"2017-12-17T21:24:12","modified_gmt":"2017-12-17T21:24:12","slug":"nuestro-proyecto-sobre-los-cinco-sentidos","status":"publish","type":"post","link":"https:\/\/blogsaverroes.juntadeandalucia.es\/lavozdecarlosv\/2017\/12\/17\/nuestro-proyecto-sobre-los-cinco-sentidos\/","title":{"rendered":"Nuestro proyecto sobre los cinco sentidos"},"content":{"rendered":"<p>Cada grupo ha hecho un proyecto de los cinco sentidos. Hemos copiado las cosas importantes a mano y al ordenador, despu\u00e9s de tres semanas han hablado los grupos. El sistema nervioso fue el martes, luego el grupo 1 que era la vista. El grupo 3 hablaron un poco bien. Luego el grupo 2 que fue el viernes&nbsp; que era el tacto. Y tambi\u00e9n trabajamos en grupo, a todos nos cost\u00f3 un poco. Lo que me gust\u00f3 fue trabajar en grupo.<\/p>\n<p style=\"text-align: center\"><iframe loading=\"lazy\" src=\"\/\/e.issuu.com\/embed.html#2601676\/54585523\" width=\"600\" height=\"300\" frameborder=\"0\"><\/iframe><\/p>\n<p><a href=\"http:\/\/elcolequemiraalmar.blogspot.com.es\/search\/label\/El%20cuerpo%20humano\">Todo el trabajo realizado a lo largo de este proyecto disponible en el blog de clase.<\/a><\/p>\n<p>Autores: Saber y Alvaro C. 3\u00baB<\/p>\n","protected":false},"excerpt":{"rendered":"<p>Cada grupo ha hecho un proyecto de los cinco sentidos. Hemos copiado las cosas importantes a mano y al ordenador, despu\u00e9s de tres semanas han hablado los grupos. El sistema nervioso fue el martes,&#46;&#46;&#46;<\/p>\n","protected":false},"author":4137,"featured_media":0,"comment_status":"open","ping_status":"open","sticky":false,"template":"","format":"standard","meta":{"ngg_post_thumbnail":0,"footnotes":""},"categories":[1110],"tags":[12392,352345],"aioseo_notices":[],"_links":{"self":[{"href":"https:\/\/blogsaverroes.juntadeandalucia.es\/lavozdecarlosv\/wp-json\/wp\/v2\/posts\/500"}],"collection":[{"href":"https:\/\/blogsaverroes.juntadeandalucia.es\/lavozdecarlosv\/wp-json\/wp\/v2\/posts"}],"about":[{"href":"https:\/\/blogsaverroes.juntadeandalucia.es\/lavozdecarlosv\/wp-json\/wp\/v2\/types\/post"}],"author":[{"embeddable":true,"href":"https:\/\/blogsaverroes.juntadeandalucia.es\/lavozdecarlosv\/wp-json\/wp\/v2\/users\/4137"}],"replies":[{"embeddable":true,"href":"https:\/\/blogsaverroes.juntadeandalucia.es\/lavozdecarlosv\/wp-json\/wp\/v2\/comments?post=500"}],"version-history":[{"count":2,"href":"https:\/\/blogsaverroes.juntadeandalucia.es\/lavozdecarlosv\/wp-json\/wp\/v2\/posts\/500\/revisions"}],"predecessor-version":[{"id":547,"href":"https:\/\/blogsaverroes.juntadeandalucia.es\/lavozdecarlosv\/wp-json\/wp\/v2\/posts\/500\/revisions\/547"}],"wp:attachment":[{"href":"https:\/\/blogsaverroes.juntadeandalucia.es\/lavozdecarlosv\/wp-json\/wp\/v2\/media?parent=500"}],"wp:term":[{"taxonomy":"category","embeddable":true,"href":"https:\/\/blogsaverroes.juntadeandalucia.es\/lavozdecarlosv\/wp-json\/wp\/v2\/categories?post=500"},{"taxonomy":"post_tag","embeddable":true,"href":"https:\/\/blogsaverroes.juntadeandalucia.es\/lavozdecarlosv\/wp-json\/wp\/v2\/tags?post=500"}],"curies":[{"name":"wp","href":"https:\/\/api.w.org\/{rel}","templated":true}]}}