{"id":580,"date":"2018-01-23T18:28:27","date_gmt":"2018-01-23T18:28:27","guid":{"rendered":"http:\/\/blogsaverroes.juntadeandalucia.es\/lavozdecarlosv\/?p=580"},"modified":"2018-01-23T18:28:27","modified_gmt":"2018-01-23T18:28:27","slug":"el-dia-de-los-reyes-magos-2","status":"publish","type":"post","link":"https:\/\/blogsaverroes.juntadeandalucia.es\/lavozdecarlosv\/2018\/01\/23\/el-dia-de-los-reyes-magos-2\/","title":{"rendered":"El d\u00eda de los Reyes Magos"},"content":{"rendered":"<p>Me levant\u00e9 el d\u00eda de los Reyes Magos y hab\u00eda muchos regalos. Tambien fui a casa de mis abuelos&nbsp; y a la de mi t\u00eda. Abr\u00ed una cajita y hab\u00eda un reloj acu\u00e1tico. Me lo pase muy bien ese d\u00eda porque era muy feliz. \u00a1La navidad es para pasarlo muy bien!<\/p>\n<p>Autor: \u00c1lvaro S. 3\u00baB<\/p>\n","protected":false},"excerpt":{"rendered":"<p>Me levant\u00e9 el d\u00eda de los Reyes Magos y hab\u00eda muchos regalos. Tambien fui a casa de mis abuelos&nbsp; y a la de mi t\u00eda. Abr\u00ed una cajita y hab\u00eda un reloj acu\u00e1tico. Me&#46;&#46;&#46;<\/p>\n","protected":false},"author":4137,"featured_media":0,"comment_status":"open","ping_status":"open","sticky":false,"template":"","format":"standard","meta":{"ngg_post_thumbnail":0,"footnotes":""},"categories":[766],"tags":[924116],"aioseo_notices":[],"_links":{"self":[{"href":"https:\/\/blogsaverroes.juntadeandalucia.es\/lavozdecarlosv\/wp-json\/wp\/v2\/posts\/580"}],"collection":[{"href":"https:\/\/blogsaverroes.juntadeandalucia.es\/lavozdecarlosv\/wp-json\/wp\/v2\/posts"}],"about":[{"href":"https:\/\/blogsaverroes.juntadeandalucia.es\/lavozdecarlosv\/wp-json\/wp\/v2\/types\/post"}],"author":[{"embeddable":true,"href":"https:\/\/blogsaverroes.juntadeandalucia.es\/lavozdecarlosv\/wp-json\/wp\/v2\/users\/4137"}],"replies":[{"embeddable":true,"href":"https:\/\/blogsaverroes.juntadeandalucia.es\/lavozdecarlosv\/wp-json\/wp\/v2\/comments?post=580"}],"version-history":[{"count":1,"href":"https:\/\/blogsaverroes.juntadeandalucia.es\/lavozdecarlosv\/wp-json\/wp\/v2\/posts\/580\/revisions"}],"predecessor-version":[{"id":581,"href":"https:\/\/blogsaverroes.juntadeandalucia.es\/lavozdecarlosv\/wp-json\/wp\/v2\/posts\/580\/revisions\/581"}],"wp:attachment":[{"href":"https:\/\/blogsaverroes.juntadeandalucia.es\/lavozdecarlosv\/wp-json\/wp\/v2\/media?parent=580"}],"wp:term":[{"taxonomy":"category","embeddable":true,"href":"https:\/\/blogsaverroes.juntadeandalucia.es\/lavozdecarlosv\/wp-json\/wp\/v2\/categories?post=580"},{"taxonomy":"post_tag","embeddable":true,"href":"https:\/\/blogsaverroes.juntadeandalucia.es\/lavozdecarlosv\/wp-json\/wp\/v2\/tags?post=580"}],"curies":[{"name":"wp","href":"https:\/\/api.w.org\/{rel}","templated":true}]}}