{"id":606,"date":"2018-01-24T14:41:12","date_gmt":"2018-01-24T14:41:12","guid":{"rendered":"http:\/\/blogsaverroes.juntadeandalucia.es\/lavozdecarlosv\/?p=606"},"modified":"2018-01-24T14:41:12","modified_gmt":"2018-01-24T14:41:12","slug":"la-sorpresa-de-papa-noel","status":"publish","type":"post","link":"https:\/\/blogsaverroes.juntadeandalucia.es\/lavozdecarlosv\/2018\/01\/24\/la-sorpresa-de-papa-noel\/","title":{"rendered":"La sorpresa de Papa Noel"},"content":{"rendered":"<p>Hab\u00eda una vez un ni\u00f1o llamado&nbsp; Kevin y su hermano Yerai . Era por la noche y Kevin escuch\u00f3 un ruido. Despert\u00f3 a su hermano Yerai, se levantaron los dos de la cama y se asomaron al sal\u00f3n. Era Papa Noel. Los dos fueron a abrazarlo y Kevin le dijo: \u00bfqu\u00e9 hay dentro de mi regalo? Papa Noel le dijo: es una sorpresa. Y se fueron a la cama. Cuando ya era de d\u00eda se despertaron y abrieron los regalos. A Kevin le trajeron el Fifa 18 y a Yerai le trajeron un pat\u00edn. Y color\u00edn colorado este cuento se ha acabado.<\/p>\n<p>Autor: Kevin 3\u00baB<\/p>\n","protected":false},"excerpt":{"rendered":"<p>Hab\u00eda una vez un ni\u00f1o llamado&nbsp; Kevin y su hermano Yerai . Era por la noche y Kevin escuch\u00f3 un ruido. Despert\u00f3 a su hermano Yerai, se levantaron los dos de la cama y&#46;&#46;&#46;<\/p>\n","protected":false},"author":4137,"featured_media":0,"comment_status":"open","ping_status":"open","sticky":false,"template":"","format":"standard","meta":{"ngg_post_thumbnail":0,"footnotes":""},"categories":[766],"tags":[924116],"aioseo_notices":[],"_links":{"self":[{"href":"https:\/\/blogsaverroes.juntadeandalucia.es\/lavozdecarlosv\/wp-json\/wp\/v2\/posts\/606"}],"collection":[{"href":"https:\/\/blogsaverroes.juntadeandalucia.es\/lavozdecarlosv\/wp-json\/wp\/v2\/posts"}],"about":[{"href":"https:\/\/blogsaverroes.juntadeandalucia.es\/lavozdecarlosv\/wp-json\/wp\/v2\/types\/post"}],"author":[{"embeddable":true,"href":"https:\/\/blogsaverroes.juntadeandalucia.es\/lavozdecarlosv\/wp-json\/wp\/v2\/users\/4137"}],"replies":[{"embeddable":true,"href":"https:\/\/blogsaverroes.juntadeandalucia.es\/lavozdecarlosv\/wp-json\/wp\/v2\/comments?post=606"}],"version-history":[{"count":1,"href":"https:\/\/blogsaverroes.juntadeandalucia.es\/lavozdecarlosv\/wp-json\/wp\/v2\/posts\/606\/revisions"}],"predecessor-version":[{"id":607,"href":"https:\/\/blogsaverroes.juntadeandalucia.es\/lavozdecarlosv\/wp-json\/wp\/v2\/posts\/606\/revisions\/607"}],"wp:attachment":[{"href":"https:\/\/blogsaverroes.juntadeandalucia.es\/lavozdecarlosv\/wp-json\/wp\/v2\/media?parent=606"}],"wp:term":[{"taxonomy":"category","embeddable":true,"href":"https:\/\/blogsaverroes.juntadeandalucia.es\/lavozdecarlosv\/wp-json\/wp\/v2\/categories?post=606"},{"taxonomy":"post_tag","embeddable":true,"href":"https:\/\/blogsaverroes.juntadeandalucia.es\/lavozdecarlosv\/wp-json\/wp\/v2\/tags?post=606"}],"curies":[{"name":"wp","href":"https:\/\/api.w.org\/{rel}","templated":true}]}}