{"id":216,"date":"2025-11-13T08:33:53","date_gmt":"2025-11-13T08:33:53","guid":{"rendered":"https:\/\/blogsaverroes.juntadeandalucia.es\/lenguajeaudiovisual\/?p=216"},"modified":"2025-11-13T08:33:53","modified_gmt":"2025-11-13T08:33:53","slug":"proyecto-no3-el-reportaje-documental-las-entrevistas","status":"publish","type":"post","link":"https:\/\/blogsaverroes.juntadeandalucia.es\/lenguajeaudiovisual\/2025\/11\/13\/proyecto-no3-el-reportaje-documental-las-entrevistas\/","title":{"rendered":"PROYECTO N\u00ba3: EL REPORTAJE\/DOCUMENTAL. Las entrevistas."},"content":{"rendered":"<h1>\ud83d\udcf9 <b>Claves Audiovisuales para tu Reportaje o documental: Tipos y Caracter\u00edsticas de Entrevistas<\/b><\/h1>\n<p>Como ya ten\u00e9is vuestro tema de reportaje seleccionado, la siguiente fase crucial es la de <b>captaci\u00f3n de informaci\u00f3n y testimonios<\/b>. En un formato audiovisual, la entrevista no es solo una fuente de datos, sino un elemento narrativo clave.<\/p>\n<p>Dado que vuestros proyectos tienen una duraci\u00f3n acotada (unos 10 minutos), cada intervenci\u00f3n debe ser <b>breve, impactante y muy bien seleccionada<\/b>. Aqu\u00ed os presentamos los tipos de entrevistas y testimonios m\u00e1s \u00fatiles para vuestro trabajo.<\/p>\n<h2>1. \ud83c\udfa4 Tipos de Entrevistas Seg\u00fan su Funci\u00f3n en el Reportaje<\/h2>\n<p>En un reportaje, el tipo de entrevista se define por la informaci\u00f3n que necesitamos obtener de la persona.<\/p>\n<p><b>\ud83d\udca1 Consejo para tu Proyecto (10 min):<\/b> En un reportaje corto, la clave es la <b>variedad<\/b>. Combina un experto (Informativa\/Opini\u00f3n) con un afectado o testigo (Testimonial). Limita la duraci\u00f3n de cada intervenci\u00f3n para que el ritmo no decaiga.<\/p>\n<table style=\"width: 100%;height: 432px\" cellpadding=\"1\">\n<thead>\n<tr style=\"height: 48px\">\n<td style=\"height: 48px;border-color: #121010\"><strong>Tipo de Entrevista<\/strong><\/td>\n<td style=\"height: 48px;border-color: #121010\"><strong>Objetivo Principal<\/strong><\/td>\n<td style=\"height: 48px;border-color: #121010\"><strong>Qui\u00e9n Suele ser el Entrevistado<\/strong><\/td>\n<td style=\"height: 48px;border-color: #121010\"><strong>Caracter\u00edstica Clave<\/strong><\/td>\n<\/tr>\n<\/thead>\n<tbody>\n<tr style=\"height: 96px\">\n<td style=\"height: 96px;border-color: #121010\"><b>Informativa (o de Actualidad)<\/b><\/td>\n<td style=\"height: 96px;border-color: #121010\">Recoger datos precisos, hechos, cifras y explicaciones objetivas sobre el tema.<\/td>\n<td style=\"height: 96px;border-color: #121010\">Expertos, autoridades, portavoces oficiales, investigadores.<\/td>\n<td style=\"height: 96px;border-color: #121010\"><b>Concreci\u00f3n<\/b>. Busca el \u00abqu\u00e9\u00bb, \u00abd\u00f3nde\u00bb, \u00abcu\u00e1ndo\u00bb.<\/td>\n<\/tr>\n<tr style=\"height: 96px\">\n<td style=\"height: 96px;border-color: #121010\"><b>De Opini\u00f3n\/Interpretativa<\/b><\/td>\n<td style=\"height: 96px;border-color: #121010\">Conocer la postura personal, an\u00e1lisis o valoraci\u00f3n de un suceso o tema.<\/td>\n<td style=\"height: 96px;border-color: #121010\">L\u00edderes de opini\u00f3n, acad\u00e9micos, analistas o el mismo protagonista.<\/td>\n<td style=\"height: 96px;border-color: #121010\"><b>Perspectiva<\/b>. Ofrece el \u00abpor qu\u00e9\u00bb o el \u00abqu\u00e9 significa\u00bb.<\/td>\n<\/tr>\n<tr style=\"height: 96px\">\n<td style=\"height: 96px;border-color: #121010\"><b>Testimonial<\/b><\/td>\n<td style=\"height: 96px;border-color: #121010\">Obtener el relato en primera persona de una vivencia o experiencia relacionada con el tema.<\/td>\n<td style=\"height: 96px;border-color: #121010\">Afectados, testigos, protagonistas directos de la historia.<\/td>\n<td style=\"height: 96px;border-color: #121010\"><b>Emoci\u00f3n y Veracidad<\/b>. Aporta el factor humano y la credibilidad.<\/td>\n<\/tr>\n<tr style=\"height: 96px\">\n<td style=\"height: 96px;border-color: #121010\"><b>De Perfil<\/b><\/td>\n<td style=\"height: 96px;border-color: #121010\">Mostrar la personalidad, los valores y la trayectoria del entrevistado.<\/td>\n<td style=\"height: 96px;border-color: #121010\">Personajes relevantes o personas cuya vida ejemplifica el tema.<\/td>\n<td style=\"height: 96px;border-color: #121010\"><b>Profundidad<\/b>. Permite crear un personaje atractivo para el espectador.<\/td>\n<\/tr>\n<\/tbody>\n<\/table>\n<h2>2. \ud83c\udfac Caracter\u00edsticas Audiovisuales a Considerar<\/h2>\n<p>La forma en que grabamos la entrevista es tan importante como el contenido. Pensad siempre en la <b>postproducci\u00f3n<\/b> (montaje) y el <b>entorno<\/b>.<\/p>\n<h3>A. Seg\u00fan la Estructura:<\/h3>\n<ul>\n<li><b>Entrevista Cerrada (Estructurada):<\/b> Tienes un guion de preguntas fijo y ordenado.\n<ul>\n<li><i>Ideal para:<\/i> Obtener informaci\u00f3n precisa de expertos o datos que no pueden fallar.<\/li>\n<\/ul>\n<\/li>\n<li><b>Entrevista Abierta (Informal):<\/b> El guion es flexible y se basa en la conversaci\u00f3n.\n<ul>\n<li><i>Ideal para:<\/i> Conseguir testimonios m\u00e1s espont\u00e1neos y personales (Testimonial o Perfil).<\/li>\n<\/ul>\n<\/li>\n<\/ul>\n<h3>B. Seg\u00fan la Puesta en Escena y el Montaje:<\/h3>\n<ul>\n<li><b>El \u00abTalking Head\u00bb Cl\u00e1sico:<\/b> El entrevistado habla a c\u00e1mara o, m\u00e1s com\u00fanmente, a un punto situado ligeramente al lado de la c\u00e1mara.\n<ul>\n<li><b>\u00c1ngulo y Encuadre:<\/b> Generalmente se usa un plano medio o primer plano para transmitir cercan\u00eda.<\/li>\n<li><b>Montaje:<\/b> Las preguntas se suelen <b>eliminar en el montaje<\/b> (se escucha solo la respuesta), y se usan recursos visuales (B-roll, material de apoyo) para ilustrar lo que el entrevistado est\u00e1 contando.<\/li>\n<\/ul>\n<\/li>\n<li><b>La Entrevista \u00abIn Situ\u00bb:<\/b> Se realiza en el entorno natural o relevante para el entrevistado (su lugar de trabajo, el sitio del suceso, etc.).\n<ul>\n<li><i>Ventaja:<\/i> El entorno <b>aporta significado<\/b> y enriquece visualmente la historia.<\/li>\n<li><i>Ejemplo:<\/i> Entrevistar a un ecologista en el parque que lucha por salvar, o a un artista en su estudio.<\/li>\n<\/ul>\n<\/li>\n<li><b>El Testimonio Espont\u00e1neo (Recursos en Calle):<\/b> Breves opiniones o reacciones a pie de calle.\n<ul>\n<li><i>Uso en tu proyecto:<\/i> Puede usarse como un <b>recurso r\u00e1pido<\/b> para medir la percepci\u00f3n general del p\u00fablico sobre vuestro tema.<\/li>\n<\/ul>\n<\/li>\n<\/ul>\n<h2>3. \u25b6\ufe0f Ejemplos Inspiradores en YouTube<\/h2>\n<p>Para que ve\u00e1is estos conceptos aplicados, os dejamos algunos ejemplos que podemos analizar en clase.<\/p>\n<table>\n<thead>\n<tr>\n<td><strong>Tipo de Contenido y Canal<\/strong><\/td>\n<td><strong>Por qu\u00e9 analizarlo<\/strong><\/td>\n<td><strong>Enfoque de la Entrevista<\/strong><\/td>\n<\/tr>\n<\/thead>\n<tbody>\n<tr>\n<td><b>Un extracto de reportaje\/documental<\/b> (Busca: <i>Reportaje [tu tema] RTVE<\/i> o <i>Documental [tu tema] La 2<\/i>)<\/td>\n<td>Observa c\u00f3mo se <b>alternan<\/b> las respuestas de los entrevistados con im\u00e1genes de archivo (B-roll) para mantener el ritmo y la informaci\u00f3n.<\/td>\n<td>Var\u00eda entre Informativa y Testimonial\/Opini\u00f3n.<\/td>\n<\/tr>\n<tr>\n<td><b>Entrevistas de programas como <i>El Intermedio<\/i> o <i>Salvados<\/i><\/b><\/td>\n<td>Presta atenci\u00f3n a la <b>posici\u00f3n<\/b> del entrevistador y el entrevistado. A menudo usan la entrevista en el lugar de los hechos (<i>In Situ<\/i>).<\/td>\n<td>Predominantemente Informativa\/Opini\u00f3n, a veces de Perfil.<\/td>\n<\/tr>\n<tr>\n<td><b>Canales de divulgaci\u00f3n cient\u00edfica o hist\u00f3rica<\/b><\/td>\n<td>F\u00edjate en el uso del <b>experto<\/b> (Informativa). Sus respuestas son casi siempre muy directas y sirven para introducir o cerrar bloques de informaci\u00f3n complejos.<\/td>\n<td>Clara funci\u00f3n Informativa y Did\u00e1ctica.<\/td>\n<\/tr>\n<\/tbody>\n<\/table>\n<p><b>Aqu\u00ed ten\u00e9is algunos enlaces espec\u00edficos para analizar la t\u00e9cnica:<\/b><\/p>\n<ul>\n<li><b>Ejemplo de Entrevista de Perfil\/Opini\u00f3n con buen ritmo y uso del lenguaje:<\/b> <a class=\"ng-star-inserted\" href=\"https:\/\/www.youtube.com\/watch?v=6FsorkGsDoU\" target=\"_blank\" rel=\"noopener\">Entrevista a PEDRO RUIZ | Las tres puertas<\/a> (Fijaos en la fluidez, aunque es m\u00e1s largo que vuestro formato final, la t\u00e9cnica es v\u00e1lida).<\/li>\n<li><b>Consejos sobre c\u00f3mo preguntar (\u00fatil para la previa):<\/b> <a class=\"ng-star-inserted\" href=\"https:\/\/www.youtube.com\/watch?v=xNZERyeOdDY\" target=\"_blank\" rel=\"noopener\">Qu\u00e9 PREGUNTAS hacer en una ENTREV\u00cdSTA PERIOD\u00cdSTICA<\/a> (Centrado en deporte, pero los consejos sobre romper el hielo y repreguntar son universales).<\/li>\n<li><b>Ejemplo de tono m\u00e1s distendido, pero con fondo (Perfiles):<\/b> <a class=\"ng-star-inserted\" href=\"https:\/\/www.youtube.com\/watch?v=DFsbHfBppo8\" target=\"_blank\" rel=\"noopener\">V. Completa. Luciano Mellera, comediante<\/a> (Analiza el entorno y la naturalidad).<\/li>\n<\/ul>\n<h3>\ud83e\udde0 Ejemplos de entrevistas sobre Salud Mental, Neurociencia y Tecnolog\u00eda<\/h3>\n<p>Estos videos son excelentes para analizar la <b>Entrevista Informativa\/de Opini\u00f3n<\/b> con expertos, y c\u00f3mo un tema complejo puede ser explicado de manera did\u00e1ctica.<\/p>\n<div class=\"youtube-block ng-star-inserted\" role=\"presentation\">\n<div class=\"container ng-star-inserted\">\n<div class=\"video-player-container ng-star-inserted\"><iframe src=\"https:\/\/www.youtube.com\/embed\/v4KplEgXI9c?enablejsapi=1&amp;hl=es\" frameborder=\"0\"><\/iframe><\/div>\n<div class=\"details\"><a class=\"link\" href=\"http:\/\/www.youtube.com\/watch?v=v4KplEgXI9c\" target=\"_blank\" rel=\"noopener\"><span class=\"link-content ng-star-inserted\" data-test-id=\"content\"><span class=\"title gds-title-m\">\u00bfC\u00f3mo funciona el cerebro de un adolescente? David Bueno, bi\u00f3logo y genetista <\/span><\/span><\/a><\/div>\n<\/div>\n<\/div>\n<div class=\"youtube-block ng-star-inserted\" role=\"presentation\">\n<div class=\"container ng-star-inserted\">\n<div class=\"video-player-container ng-star-inserted\"><iframe src=\"https:\/\/www.youtube.com\/embed\/41el0jzy4rg?enablejsapi=1&amp;hl=es\" frameborder=\"0\"><\/iframe><\/div>\n<div class=\"details\"><a class=\"link\" href=\"http:\/\/www.youtube.com\/watch?v=41el0jzy4rg\" target=\"_blank\" rel=\"noopener\"><span class=\"link-content ng-star-inserted\" data-test-id=\"content\"><span class=\"title gds-title-m\">Un dec\u00e1logo para cuidar la salud mental de los adolescentes. Montserrat Dolz, psiquiatra <\/span><\/span><\/a><\/div>\n<\/div>\n<\/div>\n<div class=\"youtube-block ng-star-inserted\" role=\"presentation\">\n<div class=\"container ng-star-inserted\">\n<div class=\"video-player-container ng-star-inserted\"><iframe src=\"https:\/\/www.youtube.com\/embed\/quu6ku5fblA?enablejsapi=1&amp;hl=es\" frameborder=\"0\"><\/iframe><\/div>\n<div class=\"details\"><a class=\"link\" href=\"http:\/\/www.youtube.com\/watch?v=quu6ku5fblA\" target=\"_blank\" rel=\"noopener\"><span class=\"link-content ng-star-inserted\" data-test-id=\"content\"><span class=\"title gds-title-m\">\u00abAutismo, el gran desconocido\u00bb | Pau Brunet | TEDxSitges <\/span><\/span><\/a><span class=\"description ng-star-inserted\">Pau nos explica en su charla con formato de <b>entrevista<\/b>, como \u00e9l vive su autismo grado 1, desde su propio punto de vista, y desde su \u00fanica y propia experiencia.<\/span><\/div>\n<\/div>\n<\/div>\n<div class=\"youtube-block ng-star-inserted\" role=\"presentation\">\n<div class=\"container ng-star-inserted\">\n<div class=\"video-player-container ng-star-inserted\"><iframe src=\"https:\/\/www.youtube.com\/embed\/TwCT5TaVB2s?enablejsapi=1&amp;hl=es\" frameborder=\"0\"><\/iframe><\/div>\n<div class=\"details\"><a class=\"link\" href=\"http:\/\/www.youtube.com\/watch?v=TwCT5TaVB2s\" target=\"_blank\" rel=\"noopener\"><span class=\"link-content ng-star-inserted\" data-test-id=\"content\"><span class=\"title gds-title-m\">La adicci\u00f3n de las pantallas | Marian Rojas Estap\u00e9 <\/span><\/span><\/a><\/div>\n<div class=\"details\"><span class=\"description ng-star-inserted\">Por qu\u00e9 se cre\u00f3 el bot\u00f3n \u00ablike\u00bb en las redes sociales? Lo que m\u00e1s desea el ser humano es sentirse querido&#8230;<\/span><\/div>\n<\/div>\n<\/div>\n","protected":false},"excerpt":{"rendered":"<p>\ud83d\udcf9 Claves Audiovisuales para tu Reportaje o documental: Tipos y Caracter\u00edsticas de Entrevistas Como ya ten\u00e9is vuestro tema de reportaje seleccionado, la siguiente fase crucial es la de captaci\u00f3n de&#46;&#46;&#46;<\/p>\n","protected":false},"author":16494,"featured_media":164,"comment_status":"open","ping_status":"open","sticky":false,"template":"","format":"standard","meta":{"ngg_post_thumbnail":0,"footnotes":""},"categories":[7],"tags":[],"aioseo_notices":[],"_links":{"self":[{"href":"https:\/\/blogsaverroes.juntadeandalucia.es\/lenguajeaudiovisual\/wp-json\/wp\/v2\/posts\/216"}],"collection":[{"href":"https:\/\/blogsaverroes.juntadeandalucia.es\/lenguajeaudiovisual\/wp-json\/wp\/v2\/posts"}],"about":[{"href":"https:\/\/blogsaverroes.juntadeandalucia.es\/lenguajeaudiovisual\/wp-json\/wp\/v2\/types\/post"}],"author":[{"embeddable":true,"href":"https:\/\/blogsaverroes.juntadeandalucia.es\/lenguajeaudiovisual\/wp-json\/wp\/v2\/users\/16494"}],"replies":[{"embeddable":true,"href":"https:\/\/blogsaverroes.juntadeandalucia.es\/lenguajeaudiovisual\/wp-json\/wp\/v2\/comments?post=216"}],"version-history":[{"count":3,"href":"https:\/\/blogsaverroes.juntadeandalucia.es\/lenguajeaudiovisual\/wp-json\/wp\/v2\/posts\/216\/revisions"}],"predecessor-version":[{"id":219,"href":"https:\/\/blogsaverroes.juntadeandalucia.es\/lenguajeaudiovisual\/wp-json\/wp\/v2\/posts\/216\/revisions\/219"}],"wp:featuredmedia":[{"embeddable":true,"href":"https:\/\/blogsaverroes.juntadeandalucia.es\/lenguajeaudiovisual\/wp-json\/wp\/v2\/media\/164"}],"wp:attachment":[{"href":"https:\/\/blogsaverroes.juntadeandalucia.es\/lenguajeaudiovisual\/wp-json\/wp\/v2\/media?parent=216"}],"wp:term":[{"taxonomy":"category","embeddable":true,"href":"https:\/\/blogsaverroes.juntadeandalucia.es\/lenguajeaudiovisual\/wp-json\/wp\/v2\/categories?post=216"},{"taxonomy":"post_tag","embeddable":true,"href":"https:\/\/blogsaverroes.juntadeandalucia.es\/lenguajeaudiovisual\/wp-json\/wp\/v2\/tags?post=216"}],"curies":[{"name":"wp","href":"https:\/\/api.w.org\/{rel}","templated":true}]}}