{"id":1,"date":"2020-02-09T16:35:20","date_gmt":"2020-02-09T15:35:20","guid":{"rendered":"https:\/\/blogsaverroes.juntadeandalucia.es\/lenguayliteraturabasicas\/?p=1"},"modified":"2020-02-16T16:50:54","modified_gmt":"2020-02-16T15:50:54","slug":"mis-proyectos","status":"publish","type":"post","link":"https:\/\/blogsaverroes.juntadeandalucia.es\/lenguayliteraturabasicas\/mis-proyectos\/","title":{"rendered":"Mis proyectos"},"content":{"rendered":"<p align=\"justify\"><img loading=\"lazy\" decoding=\"async\" class=\"aligncenter wp-image-21\" src=\"https:\/\/blogsaverroes.juntadeandalucia.es\/lenguayliteraturabasicas\/files\/2020\/02\/199012_jpg_1.jpg\" alt=\"\" width=\"100\" height=\"102\" srcset=\"https:\/\/blogsaverroes.juntadeandalucia.es\/lenguayliteraturabasicas\/files\/2020\/02\/199012_jpg_1.jpg 50w, https:\/\/blogsaverroes.juntadeandalucia.es\/lenguayliteraturabasicas\/files\/2020\/02\/199012_jpg_1-24x24.jpg 24w, https:\/\/blogsaverroes.juntadeandalucia.es\/lenguayliteraturabasicas\/files\/2020\/02\/199012_jpg_1-36x36.jpg 36w, https:\/\/blogsaverroes.juntadeandalucia.es\/lenguayliteraturabasicas\/files\/2020\/02\/199012_jpg_1-48x48.jpg 48w\" sizes=\"(max-width: 100px) 100vw, 100px\" \/><\/p>\n<p style=\"text-align: center\" align=\"justify\"><span style=\"font-size: 8pt\">(Imagen obtenida del Banco de Recursos del INTEF)<\/span><\/p>\n<p style=\"text-align: justify\" align=\"justify\">En esta mi primera entrada, me gustar\u00eda reflexionar sobre blogs que me servir\u00e1n de inspiraci\u00f3n para la puesta en marcha del presente. En este sentido, he elegidos los siguientes ejemplos ilustrativos, los cuales tomar\u00e9 como gu\u00eda a la hora de dar forma a mi nueva creaci\u00f3n.<\/p>\n<ul style=\"text-align: justify\">\n<li style=\"text-align: justify\">Por una parte, he elegido el blog titulado <a href=\"https:\/\/fernandotrujillo.es\/blog\/\" target=\"_blank\" rel=\"noopener noreferrer\">\u00abDestranjis\u00bb (acceso)<\/a>, creado por Fernando Trujillo (Universidad de Granada), del cual destaco su versatilidad en cuanto a la capacidad de promover la reflexi\u00f3n del profesorado en torno a tem\u00e1ticas actuales, a la par que ofrece recursos v\u00e1lidos adaptables a contextos diversos. Por otra parte, llama la atenci\u00f3n su dinamismo y propuesta moderna y abierta a la participaci\u00f3n.<\/li>\n<li style=\"text-align: justify\">Por otra, atendiendo a las recomendaciones realizadas por los\/as compa\u00f1eros\/as del curso, me he decidido por el denominado <a href=\"http:\/\/lapsico-goloteca.blogspot.com\/\" target=\"_blank\" rel=\"noopener noreferrer\">\u00abLa psico-goloteca\u00bb (acceso)<\/a>, el cual, adem\u00e1s de mostrar una actualizaci\u00f3n permanente de contenidos, compone una suerte de biblioteca de recursos educativos de gran utilidad. Como aspectos principal a destacar de esta propuesta, me gustar\u00eda resaltar no s\u00f3lo la cantidad de recursos que ofrece, sino tambi\u00e9n la posibilidad a\u00f1adida de acceder a una serie de bit\u00e1coras en la l\u00ednea.<\/li>\n<\/ul>\n<p style=\"text-align: justify\" align=\"justify\">Atendiendo a las propuestas revisadas anteriormente, el planteamiento referido concretamente a mi blog personal pretendo que me aporte un apoyo digital para mi d\u00eda a d\u00eda en las clases de Lengua Castellana y Literatura para mi alumnado de primer ciclo de Educaci\u00f3n Secundaria Obligatoria. As\u00ed, adem\u00e1s de aportar recursos propios y otros seleccionados de repositorios diversos, pretendo que mis alumnos\/as, mi p\u00fablico, participen en el mundo de la Literatura mediante aportaciones basadas en la investigaci\u00f3n y el gusto por este arte.&nbsp;<\/p>\n<p style=\"text-align: justify\" align=\"justify\">En este sentido, pretendo que el blog sea enriquecido, al menos, de manera quincenal, aprovechando el resto del tiempo para pulir producciones y llegar a ser todo un centro de consulta para el alumnado egresado que acceda a estudios superiores. En este sentido, la colaboraci\u00f3n con las dos clases a las cuales imparto clases en la actualidad ser\u00e1 no s\u00f3lo necesaria, sino precisa para dotar a la nueva propuesta de contenidos de calidad centradas principalmente en el \u00e1mbito de la Literatura Universal (despu\u00e9s de haber detectado que se trata de una carencia en la formaci\u00f3n actual para el primer ciclo de ESO).<\/p>\n<p style=\"text-align: justify\">Con respecto a las p\u00e1ginas web de centro que me han servido para tomar ideas, destacar\u00eda las siguientes dos propuestas:<\/p>\n<ul>\n<li style=\"text-align: justify\">Por un lado, la creada por el profesorado de la <a href=\"http:\/\/www.lauaxeta.eus\/es\/noticias\" target=\"_blank\" rel=\"noopener noreferrer\">Ikastola Lauaxeta (acceso)<\/a>, la cual ofrece la combinaci\u00f3n perfecta entre la labor informativa de este tipo de recursos digitales y la posibilidad de significar todo un recurso para la reflexi\u00f3n de la comunidad educativa. As\u00ed. reflexi\u00f3n e informaci\u00f3n se convierten en los ejes que mantienen el inter\u00e9s de familias, alumnado y profesores.<\/li>\n<li style=\"text-align: justify\">Por otro, me he decantado por la propuesta presentada en la p\u00e1gina-blog elaborada por el <a href=\"https:\/\/ceipvaldespartera.blogspot.com\/\" target=\"_blank\" rel=\"noopener noreferrer\">CEIP Valdespartera (acceso)<\/a>, en este caso mucho m\u00e1s visual que la anterior, que destaca por poner en valor las actividades, por insignificantes que pudieran parecer, ante la comunidad educativa. En este sentido, la inclusi\u00f3n de v\u00eddeos que sirven para que las familias apoyen el trabajo realizado en la escuela, parece convertirse en una suerte de portfolio de aprendizaje a la par que de elemento de complicidad estrecha entre las familias y el profesorado.<\/li>\n<\/ul>\n<!--themify_builder_content-->\n<div id=\"themify_builder_content-1\" data-postid=\"1\" class=\"themify_builder_content themify_builder_content-1 themify_builder tf_clear\">\n    <\/div>\n<!--\/themify_builder_content-->\n","protected":false},"excerpt":{"rendered":"<p>(Imagen obtenida del Banco de Recursos del INTEF) En esta mi primera entrada, me gustar\u00eda reflexionar sobre blogs que me servir\u00e1n de inspiraci\u00f3n para la puesta en marcha del presente. En este sentido, he elegidos los siguientes ejemplos ilustrativos, los cuales tomar\u00e9 como gu\u00eda a la hora de dar forma a mi nueva creaci\u00f3n. Por [&hellip;]<\/p>\n","protected":false},"author":6865,"featured_media":0,"comment_status":"open","ping_status":"open","sticky":false,"template":"","format":"standard","meta":{"ngg_post_thumbnail":0,"footnotes":""},"categories":[11909],"tags":[],"aioseo_notices":[],"_links":{"self":[{"href":"https:\/\/blogsaverroes.juntadeandalucia.es\/lenguayliteraturabasicas\/wp-json\/wp\/v2\/posts\/1"}],"collection":[{"href":"https:\/\/blogsaverroes.juntadeandalucia.es\/lenguayliteraturabasicas\/wp-json\/wp\/v2\/posts"}],"about":[{"href":"https:\/\/blogsaverroes.juntadeandalucia.es\/lenguayliteraturabasicas\/wp-json\/wp\/v2\/types\/post"}],"author":[{"embeddable":true,"href":"https:\/\/blogsaverroes.juntadeandalucia.es\/lenguayliteraturabasicas\/wp-json\/wp\/v2\/users\/6865"}],"replies":[{"embeddable":true,"href":"https:\/\/blogsaverroes.juntadeandalucia.es\/lenguayliteraturabasicas\/wp-json\/wp\/v2\/comments?post=1"}],"version-history":[{"count":9,"href":"https:\/\/blogsaverroes.juntadeandalucia.es\/lenguayliteraturabasicas\/wp-json\/wp\/v2\/posts\/1\/revisions"}],"predecessor-version":[{"id":45,"href":"https:\/\/blogsaverroes.juntadeandalucia.es\/lenguayliteraturabasicas\/wp-json\/wp\/v2\/posts\/1\/revisions\/45"}],"wp:attachment":[{"href":"https:\/\/blogsaverroes.juntadeandalucia.es\/lenguayliteraturabasicas\/wp-json\/wp\/v2\/media?parent=1"}],"wp:term":[{"taxonomy":"category","embeddable":true,"href":"https:\/\/blogsaverroes.juntadeandalucia.es\/lenguayliteraturabasicas\/wp-json\/wp\/v2\/categories?post=1"},{"taxonomy":"post_tag","embeddable":true,"href":"https:\/\/blogsaverroes.juntadeandalucia.es\/lenguayliteraturabasicas\/wp-json\/wp\/v2\/tags?post=1"}],"curies":[{"name":"wp","href":"https:\/\/api.w.org\/{rel}","templated":true}]}}