{"id":169,"date":"2021-04-21T10:45:18","date_gmt":"2021-04-21T08:45:18","guid":{"rendered":"https:\/\/blogsaverroes.juntadeandalucia.es\/lenguayliteraturabasicas\/?p=169"},"modified":"2021-04-21T11:27:03","modified_gmt":"2021-04-21T09:27:03","slug":"dia-de","status":"publish","type":"post","link":"https:\/\/blogsaverroes.juntadeandalucia.es\/lenguayliteraturabasicas\/dia-de\/","title":{"rendered":"D\u00eda del Libro 2021: Emilio Prados"},"content":{"rendered":"<p><img loading=\"lazy\" decoding=\"async\" class=\"aligncenter size-full wp-image-170\" src=\"https:\/\/blogsaverroes.juntadeandalucia.es\/lenguayliteraturabasicas\/files\/2021\/04\/Emilio.jpg\" alt=\"\" width=\"344\" height=\"256\" srcset=\"https:\/\/blogsaverroes.juntadeandalucia.es\/lenguayliteraturabasicas\/files\/2021\/04\/Emilio.jpg 344w, https:\/\/blogsaverroes.juntadeandalucia.es\/lenguayliteraturabasicas\/files\/2021\/04\/Emilio-300x223.jpg 300w\" sizes=\"(max-width: 344px) 100vw, 344px\" \/><\/p>\n<p style=\"text-align: center\"><span style=\"font-family: arial, helvetica, sans-serif;font-size: 8pt\">(Ilustraci\u00f3n tomada de la p\u00e1gina de la CEJA)<\/span><\/p>\n<p style=\"text-align: justify\">Como sab\u00e9is, cada 23 de abril se celebra el D\u00eda del Libro en toda Espa\u00f1a. En este ocasi\u00f3n, la Consejer\u00eda de Cultura de la Junta de Andaluc\u00eda ha decidido dedicar tal efem\u00e9rides al autor andaluz Emilio Prados. En este sentido, os proponemos investigar sobre la vida y obra de este poeta para responder a las siguientes preguntas:<\/p>\n<ol>\n<li>\u00bfCu\u00e1l es el segundo apellido de Emilio?<\/li>\n<li>\u00bfA qu\u00e9 generaci\u00f3n literaria pertenece?<\/li>\n<li>\u00bfPor qu\u00e9 su poes\u00eda puede ser calificada como triste?<\/li>\n<li>\u00bfCu\u00e1l era la principal preocupaci\u00f3n de Emilio cuando fue adulto?<\/li>\n<li>Por \u00faltimo, elige una poes\u00eda que sea de tu agrado, copia un fragmento de la misma y explica su significado en clase.<\/li>\n<\/ol>\n<p>Para facilitar la labor, os dejo algunos documentos publicados para la ocasi\u00f3n por la Consejer\u00eda de Educaci\u00f3n que os podr\u00e1n servir:<\/p>\n<ul>\n<li><a href=\"https:\/\/blogsaverroes.juntadeandalucia.es\/lenguayliteraturabasicas\/files\/2021\/04\/Emilio-Prados.-En-Antolog\u00eda-po\u00e9tica-de-la-Generaci\u00f3n-del-27.pdf\">Emilio Prados. En Antolog\u00eda po\u00e9tica de la Generaci\u00f3n del 27<\/a><\/li>\n<li><a href=\"https:\/\/blogsaverroes.juntadeandalucia.es\/lenguayliteraturabasicas\/files\/2021\/04\/Emilio-Prados.-En-La-Generaci\u00f3n-del-27.-Sus-or\u00edgenes-y-sus-protagonistas.pdf\">Emilio Prados. En La Generaci\u00f3n del 27. Sus or\u00edgenes y sus protagonistas<\/a><\/li>\n<li><a href=\"https:\/\/blogsaverroes.juntadeandalucia.es\/lenguayliteraturabasicas\/files\/2021\/04\/Emilio-Prados.-En-Ochenta-poemas-de-la-Generaci\u00f3n-del-27.pdf\">Emilio Prados. En Ochenta poemas de la Generaci\u00f3n del 27<\/a><\/li>\n<li><a href=\"https:\/\/blogsaverroes.juntadeandalucia.es\/lenguayliteraturabasicas\/files\/2021\/04\/Emilio-Prados.-En-Paseo-Literario-por-la-M\u00e1laga-del-27-1.pdf\">Emilio Prados. En Paseo Literario por la M\u00e1laga del 27 <\/a><\/li>\n<\/ul>\n<p style=\"text-align: justify\">Espero que se\u00e1is buenos detectives y que dicha informaci\u00f3n nos sirva para conocer a este autor universal.&nbsp;<\/p>\n<!--themify_builder_content-->\n<div id=\"themify_builder_content-169\" data-postid=\"169\" class=\"themify_builder_content themify_builder_content-169 themify_builder tf_clear\">\n    <\/div>\n<!--\/themify_builder_content-->\n","protected":false},"excerpt":{"rendered":"<p>(Ilustraci\u00f3n tomada de la p\u00e1gina de la CEJA) Como sab\u00e9is, cada 23 de abril se celebra el D\u00eda del Libro en toda Espa\u00f1a. En este ocasi\u00f3n, la Consejer\u00eda de Cultura de la Junta de Andaluc\u00eda ha decidido dedicar tal efem\u00e9rides al autor andaluz Emilio Prados. En este sentido, os proponemos investigar sobre la vida y [&hellip;]<\/p>\n","protected":false},"author":6865,"featured_media":0,"comment_status":"open","ping_status":"open","sticky":false,"template":"","format":"standard","meta":{"ngg_post_thumbnail":0,"footnotes":""},"categories":[2327055,249],"tags":[2327056],"aioseo_notices":[],"_links":{"self":[{"href":"https:\/\/blogsaverroes.juntadeandalucia.es\/lenguayliteraturabasicas\/wp-json\/wp\/v2\/posts\/169"}],"collection":[{"href":"https:\/\/blogsaverroes.juntadeandalucia.es\/lenguayliteraturabasicas\/wp-json\/wp\/v2\/posts"}],"about":[{"href":"https:\/\/blogsaverroes.juntadeandalucia.es\/lenguayliteraturabasicas\/wp-json\/wp\/v2\/types\/post"}],"author":[{"embeddable":true,"href":"https:\/\/blogsaverroes.juntadeandalucia.es\/lenguayliteraturabasicas\/wp-json\/wp\/v2\/users\/6865"}],"replies":[{"embeddable":true,"href":"https:\/\/blogsaverroes.juntadeandalucia.es\/lenguayliteraturabasicas\/wp-json\/wp\/v2\/comments?post=169"}],"version-history":[{"count":5,"href":"https:\/\/blogsaverroes.juntadeandalucia.es\/lenguayliteraturabasicas\/wp-json\/wp\/v2\/posts\/169\/revisions"}],"predecessor-version":[{"id":179,"href":"https:\/\/blogsaverroes.juntadeandalucia.es\/lenguayliteraturabasicas\/wp-json\/wp\/v2\/posts\/169\/revisions\/179"}],"wp:attachment":[{"href":"https:\/\/blogsaverroes.juntadeandalucia.es\/lenguayliteraturabasicas\/wp-json\/wp\/v2\/media?parent=169"}],"wp:term":[{"taxonomy":"category","embeddable":true,"href":"https:\/\/blogsaverroes.juntadeandalucia.es\/lenguayliteraturabasicas\/wp-json\/wp\/v2\/categories?post=169"},{"taxonomy":"post_tag","embeddable":true,"href":"https:\/\/blogsaverroes.juntadeandalucia.es\/lenguayliteraturabasicas\/wp-json\/wp\/v2\/tags?post=169"}],"curies":[{"name":"wp","href":"https:\/\/api.w.org\/{rel}","templated":true}]}}