{"id":1644,"date":"2017-03-30T15:38:33","date_gmt":"2017-03-30T15:38:33","guid":{"rendered":"http:\/\/blogsaverroes.juntadeandalucia.es\/lomasdesantodomingo\/?p=1644"},"modified":"2017-03-30T15:59:17","modified_gmt":"2017-03-30T15:59:17","slug":"semana-santa-en-la-biblioteca","status":"publish","type":"post","link":"https:\/\/blogsaverroes.juntadeandalucia.es\/lomasdesantodomingo\/2017\/03\/30\/semana-santa-en-la-biblioteca\/","title":{"rendered":"SEMANA SANTA EN LA BIBLIOTECA"},"content":{"rendered":"<p><span style=\"font-size: x-large\">Los ni\u00f1os y ni\u00f1as de primer curso han realizado varios pasos de Semana Santa en los cuales se puede apreciar a Cristo crucificado y a la Virgen Mar\u00eda, que muestra en sus manos al ni\u00f1o Jes\u00fas.<\/span><\/p>\n<p style=\"text-align: center\"><span style=\"font-size: large\">La manualidad, la han completado los ni\u00f1os y ni\u00f1as de quinto curso, que han ayudado haciendo los penitentes. Tambi\u00e9n la maestra ha hecho un cura, una mantilla y un guardia civil.<\/span><\/p>\n<p style=\"text-align: center\"><span style=\"font-size: large\">Los materiales que se han utilizado son cajas de zapatos, cartulinas, papel seda, plastilina y bajalenguas (palos de m\u00e9dico). Algunos de los pasos expuestos pertenecen a Alicia, Juan, Sofia y Leonor, entre otros.<\/span><\/p>\n<p>ngg_shortcode_0_placeholder<span style=\"font-size: large\">&nbsp;<\/span><\/p>\n<p><span style=\"font-size: large\">Germ\u00e1n, Gabri y Juan Francisco, 6\u00baB.<br \/>\n<\/span><\/p>\n","protected":false},"excerpt":{"rendered":"<p>Los ni\u00f1os y ni\u00f1as de primer curso han realizado varios pasos de Semana Santa en los cuales se puede apreciar a Cristo crucificado y a la Virgen Mar\u00eda, que muestra en sus manos al&#46;&#46;&#46;<\/p>\n","protected":false},"author":4190,"featured_media":1645,"comment_status":"open","ping_status":"open","sticky":false,"template":"","format":"standard","meta":{"ngg_post_thumbnail":0,"footnotes":""},"categories":[972757],"tags":[],"aioseo_notices":[],"_links":{"self":[{"href":"https:\/\/blogsaverroes.juntadeandalucia.es\/lomasdesantodomingo\/wp-json\/wp\/v2\/posts\/1644"}],"collection":[{"href":"https:\/\/blogsaverroes.juntadeandalucia.es\/lomasdesantodomingo\/wp-json\/wp\/v2\/posts"}],"about":[{"href":"https:\/\/blogsaverroes.juntadeandalucia.es\/lomasdesantodomingo\/wp-json\/wp\/v2\/types\/post"}],"author":[{"embeddable":true,"href":"https:\/\/blogsaverroes.juntadeandalucia.es\/lomasdesantodomingo\/wp-json\/wp\/v2\/users\/4190"}],"replies":[{"embeddable":true,"href":"https:\/\/blogsaverroes.juntadeandalucia.es\/lomasdesantodomingo\/wp-json\/wp\/v2\/comments?post=1644"}],"version-history":[{"count":6,"href":"https:\/\/blogsaverroes.juntadeandalucia.es\/lomasdesantodomingo\/wp-json\/wp\/v2\/posts\/1644\/revisions"}],"predecessor-version":[{"id":1663,"href":"https:\/\/blogsaverroes.juntadeandalucia.es\/lomasdesantodomingo\/wp-json\/wp\/v2\/posts\/1644\/revisions\/1663"}],"wp:featuredmedia":[{"embeddable":true,"href":"https:\/\/blogsaverroes.juntadeandalucia.es\/lomasdesantodomingo\/wp-json\/wp\/v2\/media\/1645"}],"wp:attachment":[{"href":"https:\/\/blogsaverroes.juntadeandalucia.es\/lomasdesantodomingo\/wp-json\/wp\/v2\/media?parent=1644"}],"wp:term":[{"taxonomy":"category","embeddable":true,"href":"https:\/\/blogsaverroes.juntadeandalucia.es\/lomasdesantodomingo\/wp-json\/wp\/v2\/categories?post=1644"},{"taxonomy":"post_tag","embeddable":true,"href":"https:\/\/blogsaverroes.juntadeandalucia.es\/lomasdesantodomingo\/wp-json\/wp\/v2\/tags?post=1644"}],"curies":[{"name":"wp","href":"https:\/\/api.w.org\/{rel}","templated":true}]}}