{"id":1968,"date":"2017-05-04T06:59:00","date_gmt":"2017-05-04T06:59:00","guid":{"rendered":"http:\/\/blogsaverroes.juntadeandalucia.es\/lomasdesantodomingo\/?p=1968"},"modified":"2017-05-11T06:47:09","modified_gmt":"2017-05-11T06:47:09","slug":"1968","status":"publish","type":"post","link":"https:\/\/blogsaverroes.juntadeandalucia.es\/lomasdesantodomingo\/2017\/05\/04\/1968\/","title":{"rendered":"Para el himno, me inspir\u00e9 en los problemas que est\u00e1n surgiendo ahora mismo en Andaluc\u00eda"},"content":{"rendered":"<p><span style=\"font-family: Bitstream Charter,serif\"><span style=\"font-size: large\">Nos reunimos en Sevilla, 1931, con Blas Infante, un hombre t\u00edmido y de aspecto fr\u00e1gil, que sin embargo es considerado por muchos el padre de la patria andaluza.<\/span><\/span><\/p>\n<p><span style=\"font-family: Bitstream Charter,serif\"><span style=\"font-size: large\">Para empezar, \u00bfpor qu\u00e9 est\u00e1s defendiendo a Andaluc\u00eda en estas fechas en las que hay tanta tensi\u00f3n?<\/span><\/span><\/p>\n<p><span style=\"font-family: Bitstream Charter,serif\"><span style=\"font-size: large\">-Lucho por mejorar los problemas que est\u00e1 teniendo actualmente el campo andaluz y por el andalucismo.<\/span><\/span><\/p>\n<p><span style=\"font-family: Bitstream Charter,serif\"><span style=\"font-size: large\">\u00bfC\u00f3mo se llama tu partido pol\u00edtico?<\/span><\/span><\/p>\n<p><span style=\"font-family: Bitstream Charter,serif\"><span style=\"font-size: large\">-Mi partido pol\u00edtico se llama \u201cPartido Republicano Federal\u201d.<\/span><\/span><\/p>\n<p><span style=\"font-family: Bitstream Charter,serif\"><span style=\"font-size: large\">Se comenta que ser\u00e1s nombrado presidente de la futura Junta Regional de Andaluc\u00eda. \u00bfEs eso verdad?<\/span><\/span><\/p>\n<p><span style=\"font-family: Bitstream Charter,serif\"><span style=\"font-size: large\">-S\u00ed, as\u00ed es pero no estoy seguro de poder llevar a cabo esa labor porque me temo el inicio de una Guerra Civil.<\/span><\/span><\/p>\n<p><span style=\"font-family: Bitstream Charter,serif\"><span style=\"font-size: large\">\u00bfCu\u00e1les son tus profesiones?<\/span><\/span><\/p>\n<p><span style=\"font-family: Bitstream Charter,serif\"><span style=\"font-size: large\">-Yo me considero pol\u00edtico, notario y escritor. Adem\u00e1s, tambi\u00e9n soy music\u00f3logo.<br \/>\n<\/span><\/span><\/p>\n<p><span style=\"font-family: Bitstream Charter,serif\"><span style=\"font-size: large\">\u00bfEn qu\u00e9 universidad estudiastes?<\/span><\/span><\/p>\n<p><span style=\"font-family: Bitstream Charter,serif\"><span style=\"font-size: large\">-Estudi\u00e9 en la universidad de Granada.<\/span><\/span><\/p>\n<p><span style=\"font-family: Bitstream Charter,serif\"><span style=\"font-size: large\">Blas, si nosotros queremos saber un poco m\u00e1s de tu vida, \u00bfd\u00f3nde podemos acudir?<\/span><\/span><\/p>\n<p><span style=\"font-family: Bitstream Charter,serif\"><span style=\"font-size: large\">-Pues tengo un par de libros m\u00edos autobiogr\u00e1ficos donde cuento un poco de mi vida privada.<\/span><\/span><\/p>\n<p><a href=\"https:\/\/blogsaverroes.juntadeandalucia.es\/lomasdesantodomingo\/files\/2017\/05\/Blas-Infante-y-sus-hijos.jpg\"><img loading=\"lazy\" decoding=\"async\" class=\"size-medium wp-image-1969 alignright\" src=\"https:\/\/blogsaverroes.juntadeandalucia.es\/lomasdesantodomingo\/files\/2017\/05\/Blas-Infante-y-sus-hijos-200x300.jpg\" alt=\"\" height=\"300\" width=\"200\" srcset=\"https:\/\/blogsaverroes.juntadeandalucia.es\/lomasdesantodomingo\/files\/2017\/05\/Blas-Infante-y-sus-hijos-200x300.jpg 200w, https:\/\/blogsaverroes.juntadeandalucia.es\/lomasdesantodomingo\/files\/2017\/05\/Blas-Infante-y-sus-hijos-768x1154.jpg 768w, https:\/\/blogsaverroes.juntadeandalucia.es\/lomasdesantodomingo\/files\/2017\/05\/Blas-Infante-y-sus-hijos-681x1024.jpg 681w, https:\/\/blogsaverroes.juntadeandalucia.es\/lomasdesantodomingo\/files\/2017\/05\/Blas-Infante-y-sus-hijos-16x24.jpg 16w, https:\/\/blogsaverroes.juntadeandalucia.es\/lomasdesantodomingo\/files\/2017\/05\/Blas-Infante-y-sus-hijos-24x36.jpg 24w, https:\/\/blogsaverroes.juntadeandalucia.es\/lomasdesantodomingo\/files\/2017\/05\/Blas-Infante-y-sus-hijos-32x48.jpg 32w, https:\/\/blogsaverroes.juntadeandalucia.es\/lomasdesantodomingo\/files\/2017\/05\/Blas-Infante-y-sus-hijos.jpg 1064w\" sizes=\"(max-width: 200px) 100vw, 200px\" \/><\/a><\/p>\n<p><span style=\"font-family: Bitstream Charter,serif\"><span style=\"font-size: large\">\u00bfD\u00f3nde te inspiraste para hacer el Himno Nacional de Andaluc\u00eda?<\/span><\/span><\/p>\n<p><span style=\"font-family: Bitstream Charter,serif\"><span style=\"font-size: large\">-Me inspir\u00e9 en los problemas que est\u00e1n surgiendo ahora mismo en Andaluc\u00eda. Cog\u00ed un himno que cantaban los trabajadores del campo y le cambi\u00e9 la letra para que explicase esos problemas.<br \/>\n<\/span><\/span><\/p>\n<p><span style=\"font-family: Bitstream Charter,serif\"><span style=\"font-size: large\">\u00bfD\u00f3nde naciste y qu\u00e9 te marc\u00f3 la infancia?<\/span><\/span><\/p>\n<p><span style=\"font-family: Bitstream Charter,serif\"><span style=\"font-size: large\">-Nac\u00ed en Casares (M\u00e1laga), donde pude comprobar las malas condiciones de trabajo de la gente.<\/span><\/span><\/p>\n<p><span style=\"font-family: Bitstream Charter,serif\"><span style=\"font-size: large\">Y para finalizar, \u00bfqu\u00e9 te ocurri\u00f3 en las elecciones de 1918?<\/span><\/span><\/p>\n<p><span style=\"font-family: Bitstream Charter,serif\"><span style=\"font-size: large\">-Intent\u00e9 presentarme por el distrito electoral de Gauc\u00edn, y el siguiente a\u00f1o, por el mismo distrito y por Sevilla, pero no lo consegu\u00ed por la fuerte presencia del caciquismo.<\/span><\/span><\/p>\n<p>Mar\u00eda Arana, 6\u00baB.<\/p>\n","protected":false},"excerpt":{"rendered":"<p>Nos reunimos en Sevilla, 1931, con Blas Infante, un hombre t\u00edmido y de aspecto fr\u00e1gil, que sin embargo es considerado por muchos el padre de la patria andaluza. Para empezar, \u00bfpor qu\u00e9 est\u00e1s defendiendo&#46;&#46;&#46;<\/p>\n","protected":false},"author":4190,"featured_media":700,"comment_status":"open","ping_status":"open","sticky":false,"template":"","format":"standard","meta":{"ngg_post_thumbnail":0,"footnotes":""},"categories":[974012],"tags":[],"aioseo_notices":[],"_links":{"self":[{"href":"https:\/\/blogsaverroes.juntadeandalucia.es\/lomasdesantodomingo\/wp-json\/wp\/v2\/posts\/1968"}],"collection":[{"href":"https:\/\/blogsaverroes.juntadeandalucia.es\/lomasdesantodomingo\/wp-json\/wp\/v2\/posts"}],"about":[{"href":"https:\/\/blogsaverroes.juntadeandalucia.es\/lomasdesantodomingo\/wp-json\/wp\/v2\/types\/post"}],"author":[{"embeddable":true,"href":"https:\/\/blogsaverroes.juntadeandalucia.es\/lomasdesantodomingo\/wp-json\/wp\/v2\/users\/4190"}],"replies":[{"embeddable":true,"href":"https:\/\/blogsaverroes.juntadeandalucia.es\/lomasdesantodomingo\/wp-json\/wp\/v2\/comments?post=1968"}],"version-history":[{"count":6,"href":"https:\/\/blogsaverroes.juntadeandalucia.es\/lomasdesantodomingo\/wp-json\/wp\/v2\/posts\/1968\/revisions"}],"predecessor-version":[{"id":1975,"href":"https:\/\/blogsaverroes.juntadeandalucia.es\/lomasdesantodomingo\/wp-json\/wp\/v2\/posts\/1968\/revisions\/1975"}],"wp:featuredmedia":[{"embeddable":true,"href":"https:\/\/blogsaverroes.juntadeandalucia.es\/lomasdesantodomingo\/wp-json\/wp\/v2\/media\/700"}],"wp:attachment":[{"href":"https:\/\/blogsaverroes.juntadeandalucia.es\/lomasdesantodomingo\/wp-json\/wp\/v2\/media?parent=1968"}],"wp:term":[{"taxonomy":"category","embeddable":true,"href":"https:\/\/blogsaverroes.juntadeandalucia.es\/lomasdesantodomingo\/wp-json\/wp\/v2\/categories?post=1968"},{"taxonomy":"post_tag","embeddable":true,"href":"https:\/\/blogsaverroes.juntadeandalucia.es\/lomasdesantodomingo\/wp-json\/wp\/v2\/tags?post=1968"}],"curies":[{"name":"wp","href":"https:\/\/api.w.org\/{rel}","templated":true}]}}