{"id":2354,"date":"2021-02-03T09:18:35","date_gmt":"2021-02-03T09:18:35","guid":{"rendered":"https:\/\/blogsaverroes.juntadeandalucia.es\/losalmendros\/?p=2354"},"modified":"2021-04-07T17:24:29","modified_gmt":"2021-04-07T17:24:29","slug":"dia-de-la-paz-2021","status":"publish","type":"post","link":"https:\/\/blogsaverroes.juntadeandalucia.es\/losalmendros\/dia-de-la-paz-2021\/","title":{"rendered":"D\u00eda de la Paz 2021"},"content":{"rendered":"<p><span class=\"_5mfr\"><span class=\"_6qdm\">\ud83d\udd4a<\/span><\/span>Hoy es el d\u00eda Escolar de la No Violencia y la Paz, y para promover y fomentar estos valores, ayer realizamos distintas actividades en el centro, como la tradicional carrera solidaria de Save The Children, participando todo el alumnado con la misma ilusi\u00f3n de todos los a\u00f1os.<\/p>\n<p>Despu\u00e9s, recuperaron energ\u00edas tom\u00e1ndose fruta proporcionada por el Ayuntamiento.<\/p>\n<p>Realizaron mensajes de paz, amor y esperanza que pusieron en el Mar de Paz; y pintaron un precioso dibujo en el patio de<span class=\"text_exposed_show\">l gimnasio.<\/span><\/p>\n<div class=\"text_exposed_show\">\n<p>Gran trabajo del alumnado y profesorado.&nbsp;<span class=\"_5mfr\"><span class=\"_6qdm\">\ud83d\udd4a<\/span><\/span><\/p>\n<\/div>\n<p><a href=\"https:\/\/www.youtube.com\/watch?v=JOOPiS7k--o\">https:\/\/www.youtube.com\/watch?v=JOOPiS7k&#8211;o<\/a><\/p>\n<p>&nbsp;<\/p>\n","protected":false},"excerpt":{"rendered":"<p>\ud83d\udd4aHoy es el d\u00eda Escolar de la No Violencia y la Paz, y para promover y fomentar estos valores, ayer realizamos distintas actividades en el centro, como la tradicional carrera solidaria de Save The&#46;&#46;&#46;<\/p>\n","protected":false},"author":11026,"featured_media":0,"comment_status":"open","ping_status":"open","sticky":false,"template":"","format":"video","meta":{"ngg_post_thumbnail":0,"footnotes":""},"categories":[2351653],"tags":[],"aioseo_notices":[],"_links":{"self":[{"href":"https:\/\/blogsaverroes.juntadeandalucia.es\/losalmendros\/wp-json\/wp\/v2\/posts\/2354"}],"collection":[{"href":"https:\/\/blogsaverroes.juntadeandalucia.es\/losalmendros\/wp-json\/wp\/v2\/posts"}],"about":[{"href":"https:\/\/blogsaverroes.juntadeandalucia.es\/losalmendros\/wp-json\/wp\/v2\/types\/post"}],"author":[{"embeddable":true,"href":"https:\/\/blogsaverroes.juntadeandalucia.es\/losalmendros\/wp-json\/wp\/v2\/users\/11026"}],"replies":[{"embeddable":true,"href":"https:\/\/blogsaverroes.juntadeandalucia.es\/losalmendros\/wp-json\/wp\/v2\/comments?post=2354"}],"version-history":[{"count":2,"href":"https:\/\/blogsaverroes.juntadeandalucia.es\/losalmendros\/wp-json\/wp\/v2\/posts\/2354\/revisions"}],"predecessor-version":[{"id":2356,"href":"https:\/\/blogsaverroes.juntadeandalucia.es\/losalmendros\/wp-json\/wp\/v2\/posts\/2354\/revisions\/2356"}],"wp:attachment":[{"href":"https:\/\/blogsaverroes.juntadeandalucia.es\/losalmendros\/wp-json\/wp\/v2\/media?parent=2354"}],"wp:term":[{"taxonomy":"category","embeddable":true,"href":"https:\/\/blogsaverroes.juntadeandalucia.es\/losalmendros\/wp-json\/wp\/v2\/categories?post=2354"},{"taxonomy":"post_tag","embeddable":true,"href":"https:\/\/blogsaverroes.juntadeandalucia.es\/losalmendros\/wp-json\/wp\/v2\/tags?post=2354"}],"curies":[{"name":"wp","href":"https:\/\/api.w.org\/{rel}","templated":true}]}}