{"id":1164,"date":"2021-11-20T19:56:13","date_gmt":"2021-11-20T19:56:13","guid":{"rendered":"https:\/\/blogsaverroes.juntadeandalucia.es\/luchyenriquez7\/?p=1164"},"modified":"2021-11-20T19:56:13","modified_gmt":"2021-11-20T19:56:13","slug":"fase-3-del-proyecto-lector","status":"publish","type":"post","link":"https:\/\/blogsaverroes.juntadeandalucia.es\/luchyenriquez7\/fase-3-del-proyecto-lector\/","title":{"rendered":"FASE 3 DEL PROYECTO LECTOR"},"content":{"rendered":"<p>Continuamos la aventura de Guzsu volando por el lect\u00f3metro junto con la nave del propio Guzsu. Cuando contamos el cuento 1\u00ba se quedaron un poco tristes porque se hab\u00eda perdido por el espacio. Pero cuando comenzaron a mover sus naves, con las lecturas traidas de casa, en el mismo planeta donde est\u00e1 Guzsu se tranquilizaron. Les gusta mucho volar juntos por el espacio y no solo \u00e9so, gracias a sus lecturas Guzsu no est\u00e1 solo por el espacio porque el alumnado mismo los acompa\u00f1a.<\/p>\n<p><img loading=\"lazy\" decoding=\"async\" class=\"alignnone size-medium wp-image-1165\" src=\"https:\/\/blogsaverroes.juntadeandalucia.es\/luchyenriquez7\/files\/2021\/11\/IMG_20211103_125508-300x138.jpg\" alt=\"\" width=\"300\" height=\"138\" srcset=\"https:\/\/blogsaverroes.juntadeandalucia.es\/luchyenriquez7\/files\/2021\/11\/IMG_20211103_125508-300x138.jpg 300w, https:\/\/blogsaverroes.juntadeandalucia.es\/luchyenriquez7\/files\/2021\/11\/IMG_20211103_125508-1024x472.jpg 1024w, https:\/\/blogsaverroes.juntadeandalucia.es\/luchyenriquez7\/files\/2021\/11\/IMG_20211103_125508-768x354.jpg 768w, https:\/\/blogsaverroes.juntadeandalucia.es\/luchyenriquez7\/files\/2021\/11\/IMG_20211103_125508-1536x708.jpg 1536w, https:\/\/blogsaverroes.juntadeandalucia.es\/luchyenriquez7\/files\/2021\/11\/IMG_20211103_125508-2048x944.jpg 2048w\" sizes=\"(max-width: 300px) 100vw, 300px\" \/><img loading=\"lazy\" decoding=\"async\" class=\"alignnone size-medium wp-image-1166\" src=\"https:\/\/blogsaverroes.juntadeandalucia.es\/luchyenriquez7\/files\/2021\/11\/IMG_20211119_205019-300x172.jpg\" alt=\"\" width=\"300\" height=\"172\" srcset=\"https:\/\/blogsaverroes.juntadeandalucia.es\/luchyenriquez7\/files\/2021\/11\/IMG_20211119_205019-300x172.jpg 300w, https:\/\/blogsaverroes.juntadeandalucia.es\/luchyenriquez7\/files\/2021\/11\/IMG_20211119_205019-1024x587.jpg 1024w, https:\/\/blogsaverroes.juntadeandalucia.es\/luchyenriquez7\/files\/2021\/11\/IMG_20211119_205019-768x440.jpg 768w, https:\/\/blogsaverroes.juntadeandalucia.es\/luchyenriquez7\/files\/2021\/11\/IMG_20211119_205019-1536x880.jpg 1536w, https:\/\/blogsaverroes.juntadeandalucia.es\/luchyenriquez7\/files\/2021\/11\/IMG_20211119_205019-2048x1174.jpg 2048w\" sizes=\"(max-width: 300px) 100vw, 300px\" \/><\/p>\n","protected":false},"excerpt":{"rendered":"<p>Continuamos la aventura de Guzsu volando por el lect\u00f3metro junto con la nave del propio Guzsu. Cuando contamos el cuento 1\u00ba se quedaron un poco&hellip;<\/p>\n","protected":false},"author":12616,"featured_media":0,"comment_status":"open","ping_status":"open","sticky":false,"template":"","format":"standard","meta":{"ngg_post_thumbnail":0,"footnotes":""},"categories":[48],"tags":[],"aioseo_notices":[],"_links":{"self":[{"href":"https:\/\/blogsaverroes.juntadeandalucia.es\/luchyenriquez7\/wp-json\/wp\/v2\/posts\/1164"}],"collection":[{"href":"https:\/\/blogsaverroes.juntadeandalucia.es\/luchyenriquez7\/wp-json\/wp\/v2\/posts"}],"about":[{"href":"https:\/\/blogsaverroes.juntadeandalucia.es\/luchyenriquez7\/wp-json\/wp\/v2\/types\/post"}],"author":[{"embeddable":true,"href":"https:\/\/blogsaverroes.juntadeandalucia.es\/luchyenriquez7\/wp-json\/wp\/v2\/users\/12616"}],"replies":[{"embeddable":true,"href":"https:\/\/blogsaverroes.juntadeandalucia.es\/luchyenriquez7\/wp-json\/wp\/v2\/comments?post=1164"}],"version-history":[{"count":1,"href":"https:\/\/blogsaverroes.juntadeandalucia.es\/luchyenriquez7\/wp-json\/wp\/v2\/posts\/1164\/revisions"}],"predecessor-version":[{"id":1167,"href":"https:\/\/blogsaverroes.juntadeandalucia.es\/luchyenriquez7\/wp-json\/wp\/v2\/posts\/1164\/revisions\/1167"}],"wp:attachment":[{"href":"https:\/\/blogsaverroes.juntadeandalucia.es\/luchyenriquez7\/wp-json\/wp\/v2\/media?parent=1164"}],"wp:term":[{"taxonomy":"category","embeddable":true,"href":"https:\/\/blogsaverroes.juntadeandalucia.es\/luchyenriquez7\/wp-json\/wp\/v2\/categories?post=1164"},{"taxonomy":"post_tag","embeddable":true,"href":"https:\/\/blogsaverroes.juntadeandalucia.es\/luchyenriquez7\/wp-json\/wp\/v2\/tags?post=1164"}],"curies":[{"name":"wp","href":"https:\/\/api.w.org\/{rel}","templated":true}]}}