{"id":1171,"date":"2021-11-20T20:07:10","date_gmt":"2021-11-20T20:07:10","guid":{"rendered":"https:\/\/blogsaverroes.juntadeandalucia.es\/luchyenriquez7\/?p=1171"},"modified":"2021-11-20T20:07:10","modified_gmt":"2021-11-20T20:07:10","slug":"emocionometro","status":"publish","type":"post","link":"https:\/\/blogsaverroes.juntadeandalucia.es\/luchyenriquez7\/emocionometro\/","title":{"rendered":"EMOCION\u00d3METRO"},"content":{"rendered":"<p>Cada d\u00eda recogemos en nuestro emocion\u00f3metro c\u00f3mo hemos estado en clase. Uno a uno del alumnado preguntamos contestando si han estado tristes, enfadados, nerviosos, asustados explicando el motivo para poder solucionar cualquier conflicto o qu\u00e9 ha provocado esa emoci\u00f3n. La pegatina coincide con los colores de Guzsu seg\u00fan sus emociones. Nervioso amarillo, triste rosa, asustado azul, enfadado morado, tranquilo verde y feliz naranja.&nbsp;<\/p>\n<p>De esta forma individualmente podremos ir solucionando situaciones concretas que conlleve estas emociones. Tambi\u00e9n podemos ir valorando las emociones del grupo-clase y buscar alternativas motivadoras si predominan emociones de miedo, nerviosismo, tristeza o enfado.<\/p>\n<p><img loading=\"lazy\" decoding=\"async\" class=\"alignnone size-medium wp-image-1172\" src=\"https:\/\/blogsaverroes.juntadeandalucia.es\/luchyenriquez7\/files\/2021\/11\/IMG_20211110_100151-138x300.jpg\" alt=\"\" width=\"138\" height=\"300\" srcset=\"https:\/\/blogsaverroes.juntadeandalucia.es\/luchyenriquez7\/files\/2021\/11\/IMG_20211110_100151-138x300.jpg 138w, https:\/\/blogsaverroes.juntadeandalucia.es\/luchyenriquez7\/files\/2021\/11\/IMG_20211110_100151-472x1024.jpg 472w, https:\/\/blogsaverroes.juntadeandalucia.es\/luchyenriquez7\/files\/2021\/11\/IMG_20211110_100151-768x1666.jpg 768w, https:\/\/blogsaverroes.juntadeandalucia.es\/luchyenriquez7\/files\/2021\/11\/IMG_20211110_100151-708x1536.jpg 708w, https:\/\/blogsaverroes.juntadeandalucia.es\/luchyenriquez7\/files\/2021\/11\/IMG_20211110_100151-944x2048.jpg 944w, https:\/\/blogsaverroes.juntadeandalucia.es\/luchyenriquez7\/files\/2021\/11\/IMG_20211110_100151-scaled.jpg 1180w\" sizes=\"(max-width: 138px) 100vw, 138px\" \/><\/p>\n","protected":false},"excerpt":{"rendered":"<p>Cada d\u00eda recogemos en nuestro emocion\u00f3metro c\u00f3mo hemos estado en clase. Uno a uno del alumnado preguntamos contestando si han estado tristes, enfadados, nerviosos, asustados&hellip;<\/p>\n","protected":false},"author":12616,"featured_media":0,"comment_status":"open","ping_status":"open","sticky":false,"template":"","format":"standard","meta":{"ngg_post_thumbnail":0,"footnotes":""},"categories":[44,48],"tags":[],"aioseo_notices":[],"_links":{"self":[{"href":"https:\/\/blogsaverroes.juntadeandalucia.es\/luchyenriquez7\/wp-json\/wp\/v2\/posts\/1171"}],"collection":[{"href":"https:\/\/blogsaverroes.juntadeandalucia.es\/luchyenriquez7\/wp-json\/wp\/v2\/posts"}],"about":[{"href":"https:\/\/blogsaverroes.juntadeandalucia.es\/luchyenriquez7\/wp-json\/wp\/v2\/types\/post"}],"author":[{"embeddable":true,"href":"https:\/\/blogsaverroes.juntadeandalucia.es\/luchyenriquez7\/wp-json\/wp\/v2\/users\/12616"}],"replies":[{"embeddable":true,"href":"https:\/\/blogsaverroes.juntadeandalucia.es\/luchyenriquez7\/wp-json\/wp\/v2\/comments?post=1171"}],"version-history":[{"count":1,"href":"https:\/\/blogsaverroes.juntadeandalucia.es\/luchyenriquez7\/wp-json\/wp\/v2\/posts\/1171\/revisions"}],"predecessor-version":[{"id":1173,"href":"https:\/\/blogsaverroes.juntadeandalucia.es\/luchyenriquez7\/wp-json\/wp\/v2\/posts\/1171\/revisions\/1173"}],"wp:attachment":[{"href":"https:\/\/blogsaverroes.juntadeandalucia.es\/luchyenriquez7\/wp-json\/wp\/v2\/media?parent=1171"}],"wp:term":[{"taxonomy":"category","embeddable":true,"href":"https:\/\/blogsaverroes.juntadeandalucia.es\/luchyenriquez7\/wp-json\/wp\/v2\/categories?post=1171"},{"taxonomy":"post_tag","embeddable":true,"href":"https:\/\/blogsaverroes.juntadeandalucia.es\/luchyenriquez7\/wp-json\/wp\/v2\/tags?post=1171"}],"curies":[{"name":"wp","href":"https:\/\/api.w.org\/{rel}","templated":true}]}}