{"id":1333,"date":"2022-09-14T18:30:51","date_gmt":"2022-09-14T18:30:51","guid":{"rendered":"https:\/\/blogsaverroes.juntadeandalucia.es\/luchyenriquez7\/?p=1333"},"modified":"2022-09-14T19:11:06","modified_gmt":"2022-09-14T19:11:06","slug":"nuestro-emocionometro","status":"publish","type":"post","link":"https:\/\/blogsaverroes.juntadeandalucia.es\/luchyenriquez7\/nuestro-emocionometro\/","title":{"rendered":"NUESTRO EMOCION\u00d3METRO"},"content":{"rendered":"<p>Comenzamos nuestro Proyecto Lector en Infantil 5 a\u00f1os \u00abEl reencuentro de Guzsu y Shanna\u00bb. La vuelta al cole ha sido emocionante. Han encontrado su aula repleta de color y motivaci\u00f3n y as\u00ed se ve reflejado en el emocion\u00f3metro de clase predominando el color naranja de felicidad y el color verde de tranquilo coincidiendo con los colores de Guzsu y sus emociones.<\/p>\n<p>&nbsp;<\/p>\n<p><img loading=\"lazy\" decoding=\"async\" class=\"alignnone size-medium wp-image-1336\" src=\"https:\/\/blogsaverroes.juntadeandalucia.es\/luchyenriquez7\/files\/2022\/09\/PROYECTO-LECTOR-1-300x300.png\" alt=\"\" width=\"300\" height=\"300\" srcset=\"https:\/\/blogsaverroes.juntadeandalucia.es\/luchyenriquez7\/files\/2022\/09\/PROYECTO-LECTOR-1-300x300.png 300w, https:\/\/blogsaverroes.juntadeandalucia.es\/luchyenriquez7\/files\/2022\/09\/PROYECTO-LECTOR-1-1024x1024.png 1024w, https:\/\/blogsaverroes.juntadeandalucia.es\/luchyenriquez7\/files\/2022\/09\/PROYECTO-LECTOR-1-150x150.png 150w, https:\/\/blogsaverroes.juntadeandalucia.es\/luchyenriquez7\/files\/2022\/09\/PROYECTO-LECTOR-1-768x768.png 768w, https:\/\/blogsaverroes.juntadeandalucia.es\/luchyenriquez7\/files\/2022\/09\/PROYECTO-LECTOR-1.png 1080w\" sizes=\"(max-width: 300px) 100vw, 300px\" \/><\/p>\n","protected":false},"excerpt":{"rendered":"<p>Comenzamos nuestro Proyecto Lector en Infantil 5 a\u00f1os \u00abEl reencuentro de Guzsu y Shanna\u00bb. La vuelta al cole ha sido emocionante. Han encontrado su aula&hellip;<\/p>\n","protected":false},"author":12616,"featured_media":0,"comment_status":"open","ping_status":"open","sticky":false,"template":"","format":"standard","meta":{"ngg_post_thumbnail":0,"footnotes":""},"categories":[50],"tags":[],"aioseo_notices":[],"_links":{"self":[{"href":"https:\/\/blogsaverroes.juntadeandalucia.es\/luchyenriquez7\/wp-json\/wp\/v2\/posts\/1333"}],"collection":[{"href":"https:\/\/blogsaverroes.juntadeandalucia.es\/luchyenriquez7\/wp-json\/wp\/v2\/posts"}],"about":[{"href":"https:\/\/blogsaverroes.juntadeandalucia.es\/luchyenriquez7\/wp-json\/wp\/v2\/types\/post"}],"author":[{"embeddable":true,"href":"https:\/\/blogsaverroes.juntadeandalucia.es\/luchyenriquez7\/wp-json\/wp\/v2\/users\/12616"}],"replies":[{"embeddable":true,"href":"https:\/\/blogsaverroes.juntadeandalucia.es\/luchyenriquez7\/wp-json\/wp\/v2\/comments?post=1333"}],"version-history":[{"count":2,"href":"https:\/\/blogsaverroes.juntadeandalucia.es\/luchyenriquez7\/wp-json\/wp\/v2\/posts\/1333\/revisions"}],"predecessor-version":[{"id":1337,"href":"https:\/\/blogsaverroes.juntadeandalucia.es\/luchyenriquez7\/wp-json\/wp\/v2\/posts\/1333\/revisions\/1337"}],"wp:attachment":[{"href":"https:\/\/blogsaverroes.juntadeandalucia.es\/luchyenriquez7\/wp-json\/wp\/v2\/media?parent=1333"}],"wp:term":[{"taxonomy":"category","embeddable":true,"href":"https:\/\/blogsaverroes.juntadeandalucia.es\/luchyenriquez7\/wp-json\/wp\/v2\/categories?post=1333"},{"taxonomy":"post_tag","embeddable":true,"href":"https:\/\/blogsaverroes.juntadeandalucia.es\/luchyenriquez7\/wp-json\/wp\/v2\/tags?post=1333"}],"curies":[{"name":"wp","href":"https:\/\/api.w.org\/{rel}","templated":true}]}}