{"id":1,"date":"2010-12-07T00:27:06","date_gmt":"2010-12-07T00:27:06","guid":{"rendered":"http:\/\/localhost\/wordpress\/18009833joomla\/2010\/12\/07\/informacion-general\/"},"modified":"2025-09-23T09:00:13","modified_gmt":"2025-09-23T08:00:13","slug":"informacion-general","status":"publish","type":"post","link":"https:\/\/blogsaverroes.juntadeandalucia.es\/lucilocarvajal\/2010\/12\/07\/informacion-general\/","title":{"rendered":"Equipo Docente 2025\/2026"},"content":{"rendered":"<p><span style=\"text-decoration: underline\"><strong>NIVEL DE 3 A\u00d1OS<\/strong><\/span><\/p>\n<table style=\"width: 100%;height: 143px\">\n<tbody>\n<tr style=\"height: 24px\">\n<td style=\"height: 24px\">Clase Roja<\/td>\n<td style=\"height: 24px\">D\u00aa. M.\u00aa Jos\u00e9 Orantes L\u00f3pez<\/td>\n<\/tr>\n<tr style=\"height: 48px\">\n<td style=\"height: 48px\">Clase Verde<\/td>\n<td style=\"height: 48px\">D\u00aa. Mar\u00eda D. Navarro Espinar<\/td>\n<\/tr>\n<tr style=\"height: 47px\">\n<td style=\"height: 47px\"><span style=\"font-family: 'Open Sans', sans-serif;font-size: 15px;font-style: normal;font-weight: 400\">Maestras adscritas al nivel<\/span><\/td>\n<td style=\"height: 47px\">D\u00aa. Rosario Osorio Gonz\u00e1lez<\/p>\n<p>D\u00aa. Luisa Mar\u00eda Moreno Mu\u00f1oz<\/td>\n<\/tr>\n<tr style=\"height: 24px\">\n<td style=\"height: 24px\">&nbsp;<\/td>\n<td style=\"height: 24px\">&nbsp;<\/p>\n<p>&nbsp;<\/td>\n<\/tr>\n<\/tbody>\n<\/table>\n<p>&nbsp;<\/p>\n<p><span style=\"text-decoration: underline\"><strong>NIVEL DE 4 A\u00d1OS<\/strong><\/span><\/p>\n<table>\n<tbody>\n<tr style=\"height: 43.7px\">\n<td style=\"height: 43.7px\">Clase Amarilla<\/td>\n<td style=\"height: 43.7px\">D\u00aa. Mar\u00eda \u00c1ngeles Alcainas Requena<\/td>\n<\/tr>\n<tr style=\"height: 24px\">\n<td style=\"height: 24px\">Clase Morada<\/td>\n<td style=\"height: 24px\">D. Jos\u00e9 Mar\u00eda Del Pino Medina<\/td>\n<\/tr>\n<tr style=\"height: 24px\">\n<td style=\"height: 24px\">Maestro adscrito al nivel<\/td>\n<td style=\"height: 24px\">D\u00aa. Bego\u00f1a Molina Brome<\/td>\n<\/tr>\n<tr style=\"height: 24px\">\n<td style=\"text-align: center;vertical-align: middle;height: 24px\">&nbsp;<\/td>\n<td style=\"height: 24px\">&nbsp;<\/td>\n<\/tr>\n<\/tbody>\n<\/table>\n<p><span style=\"text-decoration: underline\"><strong>NIVEL DE 5 A\u00d1OS<\/strong><\/span><\/p>\n<table style=\"width: 659px\">\n<tbody>\n<tr>\n<td style=\"width: 288px\">Clase Naranja<\/td>\n<td style=\"width: 371px\">D\u00aa. Natividad Mill\u00e1n Moyano<\/td>\n<\/tr>\n<tr>\n<td style=\"width: 288px\">Clase Roja<\/td>\n<td style=\"width: 371px\">D\u00aa. Mar\u00eda A. Rodr\u00edguez \u00c1lvarez<\/td>\n<\/tr>\n<tr>\n<td style=\"width: 288px\">Maestros adscritos al nivel<\/td>\n<td style=\"width: 371px\">D. Juan Manuel Ram\u00edrez Ruiz<\/td>\n<\/tr>\n<tr>\n<td style=\"width: 288px\">&nbsp;<\/td>\n<td style=\"width: 371px\">&nbsp;<\/td>\n<\/tr>\n<\/tbody>\n<\/table>\n<p><span style=\"text-decoration: underline\"><strong>APOYO I<\/strong><\/span><\/p>\n<p style=\"padding-left: 30px\">D\u00aa. Rosario Osorio Gonz\u00e1lez<\/p>\n<p><span style=\"text-decoration: underline\"><strong>APOYO II<\/strong><\/span><\/p>\n<p style=\"padding-left: 30px\">D\u00aa. Bego\u00f1a Molina Brome<\/p>\n<p>&nbsp;&nbsp;&nbsp;&nbsp;&nbsp;&nbsp;&nbsp; D. Juan Manuel Ram\u00edrez Ruiz<\/p>\n<p><span style=\"text-decoration: underline\"><strong>MAESTRA DE RELIGI\u00d3N<br \/>\n<\/strong><\/span><\/p>\n<p style=\"padding-left: 30px\">D\u00aa. Luisa Mar\u00eda Moreno Mu\u00f1oz<\/p>\n<p><strong><span style=\"text-decoration: underline\">MAESTRA DE INGL\u00c9S<\/span><\/strong><\/p>\n<p>&nbsp;&nbsp;&nbsp;&nbsp;&nbsp;&nbsp; D\u00aa. M.\u00aa Soledad Reyes Jim\u00e9nez<\/p>\n<p><span style=\"text-decoration: underline\"><strong>MAESTRA DE AUDICI\u00d3N Y LENGUAJE<\/strong><\/span><\/p>\n<p>&nbsp;&nbsp;&nbsp;&nbsp;&nbsp;&nbsp; D\u00aa. M.\u00aa Jos\u00e9 Tall\u00f3n Gonz\u00e1lez<\/p>\n<p><span style=\"text-decoration: underline\"><strong>ORIENTADORA<br \/>\n<\/strong><\/span><\/p>\n<p style=\"padding-left: 30px\">D\u00aa. Beatriz Mart\u00edn Ortiz<\/p>\n<p><strong>MAESTRA DE PEDAGOG\u00cdA TERAP\u00c9UTICA<br \/>\n<\/strong><\/p>\n<p>&nbsp;&nbsp;&nbsp;&nbsp;&nbsp;&nbsp; D\u00aa. Francisca As\u00eds Rom\u00e1n Arcos<\/p>\n<p><span style=\"text-decoration: underline\"><strong>EQUIPO DIRECTIVO<br \/>\n<\/strong><\/span><\/p>\n<table>\n<tbody>\n<tr>\n<td>DIRECTOR<\/td>\n<td>D. Juan Manuel Ram\u00edrez Ruiz<\/td>\n<\/tr>\n<tr>\n<td>JEFA DE ESTUDIOS<\/td>\n<td>D\u00aa. Bego\u00f1a Molina Brome<\/td>\n<\/tr>\n<tr>\n<td>SECRETARIO<\/td>\n<td>D. Jos\u00e9 Mar\u00eda del Pino Medina<\/td>\n<\/tr>\n<\/tbody>\n<\/table>\n<p>&nbsp;<\/p>\n","protected":false},"excerpt":{"rendered":"<p>NIVEL DE 3 A\u00d1OS Clase Roja D\u00aa. M.\u00aa Jos\u00e9 Orantes L\u00f3pez Clase Verde D\u00aa. Mar\u00eda D. Navarro Espinar Maestras adscritas al nivel D\u00aa. Rosario Osorio Gonz\u00e1lez D\u00aa. Luisa Mar\u00eda Moreno Mu\u00f1oz &nbsp; &nbsp; &nbsp;&#46;&#46;&#46;<\/p>\n","protected":false},"author":1823,"featured_media":0,"comment_status":"closed","ping_status":"open","sticky":false,"template":"","format":"standard","meta":{"ngg_post_thumbnail":0,"footnotes":""},"categories":[11909],"tags":[],"aioseo_notices":[],"_links":{"self":[{"href":"https:\/\/blogsaverroes.juntadeandalucia.es\/lucilocarvajal\/wp-json\/wp\/v2\/posts\/1"}],"collection":[{"href":"https:\/\/blogsaverroes.juntadeandalucia.es\/lucilocarvajal\/wp-json\/wp\/v2\/posts"}],"about":[{"href":"https:\/\/blogsaverroes.juntadeandalucia.es\/lucilocarvajal\/wp-json\/wp\/v2\/types\/post"}],"author":[{"embeddable":true,"href":"https:\/\/blogsaverroes.juntadeandalucia.es\/lucilocarvajal\/wp-json\/wp\/v2\/users\/1823"}],"replies":[{"embeddable":true,"href":"https:\/\/blogsaverroes.juntadeandalucia.es\/lucilocarvajal\/wp-json\/wp\/v2\/comments?post=1"}],"version-history":[{"count":33,"href":"https:\/\/blogsaverroes.juntadeandalucia.es\/lucilocarvajal\/wp-json\/wp\/v2\/posts\/1\/revisions"}],"predecessor-version":[{"id":13440,"href":"https:\/\/blogsaverroes.juntadeandalucia.es\/lucilocarvajal\/wp-json\/wp\/v2\/posts\/1\/revisions\/13440"}],"wp:attachment":[{"href":"https:\/\/blogsaverroes.juntadeandalucia.es\/lucilocarvajal\/wp-json\/wp\/v2\/media?parent=1"}],"wp:term":[{"taxonomy":"category","embeddable":true,"href":"https:\/\/blogsaverroes.juntadeandalucia.es\/lucilocarvajal\/wp-json\/wp\/v2\/categories?post=1"},{"taxonomy":"post_tag","embeddable":true,"href":"https:\/\/blogsaverroes.juntadeandalucia.es\/lucilocarvajal\/wp-json\/wp\/v2\/tags?post=1"}],"curies":[{"name":"wp","href":"https:\/\/api.w.org\/{rel}","templated":true}]}}