{"id":17362,"date":"2024-12-01T07:00:57","date_gmt":"2024-12-01T07:00:57","guid":{"rendered":"https:\/\/blogsaverroes.juntadeandalucia.es\/macade\/?p=17362"},"modified":"2024-12-22T12:35:21","modified_gmt":"2024-12-22T12:35:21","slug":"transformacion-digital-educativa","status":"publish","type":"post","link":"https:\/\/blogsaverroes.juntadeandalucia.es\/macade\/2024\/12\/01\/transformacion-digital-educativa\/","title":{"rendered":"Transformaci\u00f3n Digital Educativa"},"content":{"rendered":"\t\t<div data-elementor-type=\"wp-post\" data-elementor-id=\"17362\" class=\"elementor elementor-17362\">\n\t\t\t\t\t\t<section class=\"elementor-section elementor-top-section elementor-element elementor-element-25e1e52 elementor-section-boxed elementor-section-height-default elementor-section-height-default\" data-id=\"25e1e52\" data-element_type=\"section\">\n\t\t\t\t\t\t\t<div class=\"elementor-background-overlay\"><\/div>\n\t\t\t\t\t\t\t<div class=\"elementor-container elementor-column-gap-default\">\n\t\t\t\t\t<div class=\"elementor-column elementor-col-100 elementor-top-column elementor-element elementor-element-f6316ba\" data-id=\"f6316ba\" data-element_type=\"column\">\n\t\t\t<div class=\"elementor-widget-wrap elementor-element-populated\">\n\t\t\t\t\t\t<div class=\"elementor-element elementor-element-59eb0d6 elementor-widget elementor-widget-text-editor\" data-id=\"59eb0d6\" data-element_type=\"widget\" data-widget_type=\"text-editor.default\">\n\t\t\t\t<div class=\"elementor-widget-container\">\n\t\t\t\t\t\t\t\t\t<p>\u00abTransformaci\u00f3n Digital Educativa\u00bb<\/p>\t\t\t\t\t\t\t\t<\/div>\n\t\t\t\t<\/div>\n\t\t\t\t\t<\/div>\n\t\t<\/div>\n\t\t\t\t\t<\/div>\n\t\t<\/section>\n\t\t\t\t<section class=\"elementor-section elementor-top-section elementor-element elementor-element-42be5ca elementor-section-boxed elementor-section-height-default elementor-section-height-default\" data-id=\"42be5ca\" data-element_type=\"section\">\n\t\t\t\t\t\t<div class=\"elementor-container elementor-column-gap-default\">\n\t\t\t\t\t<div class=\"elementor-column elementor-col-50 elementor-top-column elementor-element elementor-element-2e13c19\" data-id=\"2e13c19\" data-element_type=\"column\">\n\t\t\t<div class=\"elementor-widget-wrap elementor-element-populated\">\n\t\t\t\t\t\t<div class=\"elementor-element elementor-element-830750d elementor-widget elementor-widget-video\" data-id=\"830750d\" data-element_type=\"widget\" data-settings=\"{&quot;youtube_url&quot;:&quot;https:\\\/\\\/youtu.be\\\/DRV2HY1bUkY&quot;,&quot;video_type&quot;:&quot;youtube&quot;,&quot;controls&quot;:&quot;yes&quot;}\" data-widget_type=\"video.default\">\n\t\t\t\t<div class=\"elementor-widget-container\">\n\t\t\t\t\t\t\t<div class=\"elementor-wrapper elementor-open-inline\">\n\t\t\t<div class=\"elementor-video\"><\/div>\t\t<\/div>\n\t\t\t\t\t\t<\/div>\n\t\t\t\t<\/div>\n\t\t\t\t\t<\/div>\n\t\t<\/div>\n\t\t\t\t<div class=\"elementor-column elementor-col-50 elementor-top-column elementor-element elementor-element-b52ac51\" data-id=\"b52ac51\" data-element_type=\"column\">\n\t\t\t<div class=\"elementor-widget-wrap elementor-element-populated\">\n\t\t\t\t\t\t<div class=\"elementor-element elementor-element-7bb876e elementor-widget elementor-widget-text-editor\" data-id=\"7bb876e\" data-element_type=\"widget\" data-widget_type=\"text-editor.default\">\n\t\t\t\t<div class=\"elementor-widget-container\">\n\t\t\t\t\t\t\t\t\t<p style=\"text-align: justify\">Hoy 29 de noviembre, han visitado el IES San Fulgencio, el Director General de Innovaci\u00f3n y Formaci\u00f3n del Profesorado, el Secretario General de Educaci\u00f3n, el Director General de la Agencia P\u00fablica de Educaci\u00f3n, la Alcaldesa de \u00c9cija y la Delegada de Hacienda y Educaci\u00f3n para hacer el acto de entrega del equipamiento \u00abDispositivos #EcoDigEdu\u00bb procedente de las actuaciones del Programa de cooperaci\u00f3n territorial para la Digitalizaci\u00f3n del Sistema Educativo. A este acto han asistido todos los directores y los coordinadores TDE de los colegios e institutos p\u00fablicos de \u00c9cija. Nuestro alumnado ha podido utilizar, en primicia, este nuevo equipamiento.<\/p>\t\t\t\t\t\t\t\t<\/div>\n\t\t\t\t<\/div>\n\t\t\t\t\t<\/div>\n\t\t<\/div>\n\t\t\t\t\t<\/div>\n\t\t<\/section>\n\t\t\t\t<section class=\"elementor-section elementor-top-section elementor-element elementor-element-18e6340 elementor-section-boxed elementor-section-height-default elementor-section-height-default\" data-id=\"18e6340\" data-element_type=\"section\">\n\t\t\t\t\t\t<div class=\"elementor-container elementor-column-gap-default\">\n\t\t\t\t\t<div class=\"elementor-column elementor-col-25 elementor-top-column elementor-element elementor-element-0e96cba\" data-id=\"0e96cba\" data-element_type=\"column\">\n\t\t\t<div class=\"elementor-widget-wrap elementor-element-populated\">\n\t\t\t\t\t\t<div class=\"elementor-element elementor-element-ecea792 elementor-widget elementor-widget-image\" data-id=\"ecea792\" data-element_type=\"widget\" data-widget_type=\"image.default\">\n\t\t\t\t<div class=\"elementor-widget-container\">\n\t\t\t\t\t\t\t\t\t\t\t\t\t\t\t<img fetchpriority=\"high\" decoding=\"async\" width=\"768\" height=\"432\" src=\"https:\/\/blogsaverroes.juntadeandalucia.es\/macade\/files\/2024\/11\/20241129_1054320-768x432.jpg\" class=\"attachment-medium_large size-medium_large wp-image-17365\" alt=\"\" srcset=\"https:\/\/blogsaverroes.juntadeandalucia.es\/macade\/files\/2024\/11\/20241129_1054320-768x432.jpg 768w, https:\/\/blogsaverroes.juntadeandalucia.es\/macade\/files\/2024\/11\/20241129_1054320-300x169.jpg 300w, https:\/\/blogsaverroes.juntadeandalucia.es\/macade\/files\/2024\/11\/20241129_1054320-1024x577.jpg 1024w, https:\/\/blogsaverroes.juntadeandalucia.es\/macade\/files\/2024\/11\/20241129_1054320-1536x865.jpg 1536w, https:\/\/blogsaverroes.juntadeandalucia.es\/macade\/files\/2024\/11\/20241129_1054320-2048x1153.jpg 2048w\" sizes=\"(max-width: 768px) 100vw, 768px\" \/>\t\t\t\t\t\t\t\t\t\t\t\t\t\t\t<\/div>\n\t\t\t\t<\/div>\n\t\t\t\t\t<\/div>\n\t\t<\/div>\n\t\t\t\t<div class=\"elementor-column elementor-col-25 elementor-top-column elementor-element elementor-element-a9565a1\" data-id=\"a9565a1\" data-element_type=\"column\">\n\t\t\t<div class=\"elementor-widget-wrap elementor-element-populated\">\n\t\t\t\t\t\t<div class=\"elementor-element elementor-element-482a84d elementor-widget elementor-widget-image\" data-id=\"482a84d\" data-element_type=\"widget\" data-widget_type=\"image.default\">\n\t\t\t\t<div class=\"elementor-widget-container\">\n\t\t\t\t\t\t\t\t\t\t\t\t\t\t\t<img decoding=\"async\" width=\"768\" height=\"432\" src=\"https:\/\/blogsaverroes.juntadeandalucia.es\/macade\/files\/2024\/11\/20241129_105823-768x432.jpg\" class=\"attachment-medium_large size-medium_large wp-image-17366\" alt=\"\" srcset=\"https:\/\/blogsaverroes.juntadeandalucia.es\/macade\/files\/2024\/11\/20241129_105823-768x432.jpg 768w, https:\/\/blogsaverroes.juntadeandalucia.es\/macade\/files\/2024\/11\/20241129_105823-300x169.jpg 300w, https:\/\/blogsaverroes.juntadeandalucia.es\/macade\/files\/2024\/11\/20241129_105823-1024x577.jpg 1024w, https:\/\/blogsaverroes.juntadeandalucia.es\/macade\/files\/2024\/11\/20241129_105823-1536x865.jpg 1536w, https:\/\/blogsaverroes.juntadeandalucia.es\/macade\/files\/2024\/11\/20241129_105823-2048x1153.jpg 2048w\" sizes=\"(max-width: 768px) 100vw, 768px\" \/>\t\t\t\t\t\t\t\t\t\t\t\t\t\t\t<\/div>\n\t\t\t\t<\/div>\n\t\t\t\t\t<\/div>\n\t\t<\/div>\n\t\t\t\t<div class=\"elementor-column elementor-col-25 elementor-top-column elementor-element elementor-element-a12189b\" data-id=\"a12189b\" data-element_type=\"column\">\n\t\t\t<div class=\"elementor-widget-wrap elementor-element-populated\">\n\t\t\t\t\t\t<div class=\"elementor-element elementor-element-c61a9a1 elementor-widget elementor-widget-image\" data-id=\"c61a9a1\" data-element_type=\"widget\" data-widget_type=\"image.default\">\n\t\t\t\t<div class=\"elementor-widget-container\">\n\t\t\t\t\t\t\t\t\t\t\t\t\t\t\t<img decoding=\"async\" width=\"768\" height=\"432\" src=\"https:\/\/blogsaverroes.juntadeandalucia.es\/macade\/files\/2024\/11\/20241129_105600-768x432.jpg\" class=\"attachment-medium_large size-medium_large wp-image-17368\" alt=\"\" srcset=\"https:\/\/blogsaverroes.juntadeandalucia.es\/macade\/files\/2024\/11\/20241129_105600-768x432.jpg 768w, https:\/\/blogsaverroes.juntadeandalucia.es\/macade\/files\/2024\/11\/20241129_105600-300x169.jpg 300w, https:\/\/blogsaverroes.juntadeandalucia.es\/macade\/files\/2024\/11\/20241129_105600-1024x577.jpg 1024w, https:\/\/blogsaverroes.juntadeandalucia.es\/macade\/files\/2024\/11\/20241129_105600-1536x865.jpg 1536w, https:\/\/blogsaverroes.juntadeandalucia.es\/macade\/files\/2024\/11\/20241129_105600-2048x1153.jpg 2048w\" sizes=\"(max-width: 768px) 100vw, 768px\" \/>\t\t\t\t\t\t\t\t\t\t\t\t\t\t\t<\/div>\n\t\t\t\t<\/div>\n\t\t\t\t\t<\/div>\n\t\t<\/div>\n\t\t\t\t<div class=\"elementor-column elementor-col-25 elementor-top-column elementor-element elementor-element-b83904d\" data-id=\"b83904d\" data-element_type=\"column\">\n\t\t\t<div class=\"elementor-widget-wrap elementor-element-populated\">\n\t\t\t\t\t\t<div class=\"elementor-element elementor-element-d37e9eb elementor-widget elementor-widget-image\" data-id=\"d37e9eb\" data-element_type=\"widget\" data-widget_type=\"image.default\">\n\t\t\t\t<div class=\"elementor-widget-container\">\n\t\t\t\t\t\t\t\t\t\t\t\t\t\t\t<img loading=\"lazy\" decoding=\"async\" width=\"768\" height=\"432\" src=\"https:\/\/blogsaverroes.juntadeandalucia.es\/macade\/files\/2024\/11\/20241129_103511-768x432.jpg\" class=\"attachment-medium_large size-medium_large wp-image-17369\" alt=\"\" srcset=\"https:\/\/blogsaverroes.juntadeandalucia.es\/macade\/files\/2024\/11\/20241129_103511-768x432.jpg 768w, https:\/\/blogsaverroes.juntadeandalucia.es\/macade\/files\/2024\/11\/20241129_103511-300x169.jpg 300w, https:\/\/blogsaverroes.juntadeandalucia.es\/macade\/files\/2024\/11\/20241129_103511-1024x577.jpg 1024w, https:\/\/blogsaverroes.juntadeandalucia.es\/macade\/files\/2024\/11\/20241129_103511-1536x865.jpg 1536w, https:\/\/blogsaverroes.juntadeandalucia.es\/macade\/files\/2024\/11\/20241129_103511-2048x1153.jpg 2048w\" sizes=\"(max-width: 768px) 100vw, 768px\" \/>\t\t\t\t\t\t\t\t\t\t\t\t\t\t\t<\/div>\n\t\t\t\t<\/div>\n\t\t\t\t\t<\/div>\n\t\t<\/div>\n\t\t\t\t\t<\/div>\n\t\t<\/section>\n\t\t\t\t<section class=\"elementor-section elementor-top-section elementor-element elementor-element-283941e elementor-section-boxed elementor-section-height-default elementor-section-height-default\" data-id=\"283941e\" data-element_type=\"section\">\n\t\t\t\t\t\t<div class=\"elementor-container elementor-column-gap-default\">\n\t\t\t\t\t<div class=\"elementor-column elementor-col-100 elementor-top-column elementor-element elementor-element-6a24b15\" data-id=\"6a24b15\" data-element_type=\"column\">\n\t\t\t<div class=\"elementor-widget-wrap elementor-element-populated\">\n\t\t\t\t\t\t<div class=\"elementor-element elementor-element-31a6edf elementor-widget-divider--view-line elementor-widget elementor-widget-divider\" data-id=\"31a6edf\" data-element_type=\"widget\" data-widget_type=\"divider.default\">\n\t\t\t\t<div class=\"elementor-widget-container\">\n\t\t\t\t\t\t\t<div class=\"elementor-divider\">\n\t\t\t<span class=\"elementor-divider-separator\">\n\t\t\t\t\t\t<\/span>\n\t\t<\/div>\n\t\t\t\t\t\t<\/div>\n\t\t\t\t<\/div>\n\t\t\t\t\t<\/div>\n\t\t<\/div>\n\t\t\t\t\t<\/div>\n\t\t<\/section>\n\t\t\t\t<\/div>\n\t\t","protected":false},"excerpt":{"rendered":"<p>\u00abTransformaci\u00f3n Digital Educativa\u00bb https:\/\/youtu.be\/DRV2HY1bUkY Hoy 29 de noviembre, han visitado el IES San Fulgencio, el Director General de Innovaci\u00f3n y Formaci\u00f3n del Profesorado, el Secretario&hellip;<\/p>\n","protected":false},"author":10494,"featured_media":17363,"comment_status":"open","ping_status":"open","sticky":false,"template":"","format":"standard","meta":{"ngg_post_thumbnail":0,"footnotes":""},"categories":[46],"tags":[],"aioseo_notices":[],"post_mailing_queue_ids":[],"_links":{"self":[{"href":"https:\/\/blogsaverroes.juntadeandalucia.es\/macade\/wp-json\/wp\/v2\/posts\/17362"}],"collection":[{"href":"https:\/\/blogsaverroes.juntadeandalucia.es\/macade\/wp-json\/wp\/v2\/posts"}],"about":[{"href":"https:\/\/blogsaverroes.juntadeandalucia.es\/macade\/wp-json\/wp\/v2\/types\/post"}],"author":[{"embeddable":true,"href":"https:\/\/blogsaverroes.juntadeandalucia.es\/macade\/wp-json\/wp\/v2\/users\/10494"}],"replies":[{"embeddable":true,"href":"https:\/\/blogsaverroes.juntadeandalucia.es\/macade\/wp-json\/wp\/v2\/comments?post=17362"}],"version-history":[{"count":26,"href":"https:\/\/blogsaverroes.juntadeandalucia.es\/macade\/wp-json\/wp\/v2\/posts\/17362\/revisions"}],"predecessor-version":[{"id":17644,"href":"https:\/\/blogsaverroes.juntadeandalucia.es\/macade\/wp-json\/wp\/v2\/posts\/17362\/revisions\/17644"}],"wp:featuredmedia":[{"embeddable":true,"href":"https:\/\/blogsaverroes.juntadeandalucia.es\/macade\/wp-json\/wp\/v2\/media\/17363"}],"wp:attachment":[{"href":"https:\/\/blogsaverroes.juntadeandalucia.es\/macade\/wp-json\/wp\/v2\/media?parent=17362"}],"wp:term":[{"taxonomy":"category","embeddable":true,"href":"https:\/\/blogsaverroes.juntadeandalucia.es\/macade\/wp-json\/wp\/v2\/categories?post=17362"},{"taxonomy":"post_tag","embeddable":true,"href":"https:\/\/blogsaverroes.juntadeandalucia.es\/macade\/wp-json\/wp\/v2\/tags?post=17362"}],"curies":[{"name":"wp","href":"https:\/\/api.w.org\/{rel}","templated":true}]}}