{"id":286,"date":"2019-07-07T07:56:55","date_gmt":"2019-07-07T07:56:55","guid":{"rendered":"https:\/\/blogsaverroes.juntadeandalucia.es\/maestramaricarmen\/?p=286"},"modified":"2019-07-07T07:58:04","modified_gmt":"2019-07-07T07:58:04","slug":"arbol-de-palos-del-flamenco","status":"publish","type":"post","link":"https:\/\/blogsaverroes.juntadeandalucia.es\/maestramaricarmen\/arbol-de-palos-del-flamenco\/","title":{"rendered":"\u00c1rbol de Palos del Flamenco"},"content":{"rendered":"<p>En esta entrada podemos ver un ejemplo del \u00e1rbol de los palos del flamenco. As\u00ed podremos entender de d\u00f3nde sale cada tipo de cante flamenco.<\/p>\n<p>&nbsp;<\/p>\n<p><img loading=\"lazy\" decoding=\"async\" class=\"wp-image-291 aligncenter\" src=\"https:\/\/blogsaverroes.juntadeandalucia.es\/maestramaricarmen\/files\/2019\/07\/ARBOL-CANTE-IV-300x212.jpg\" alt=\"\" width=\"1031\" height=\"730\" srcset=\"https:\/\/blogsaverroes.juntadeandalucia.es\/maestramaricarmen\/files\/2019\/07\/ARBOL-CANTE-IV-300x212.jpg 300w, https:\/\/blogsaverroes.juntadeandalucia.es\/maestramaricarmen\/files\/2019\/07\/ARBOL-CANTE-IV-768x543.jpg 768w, https:\/\/blogsaverroes.juntadeandalucia.es\/maestramaricarmen\/files\/2019\/07\/ARBOL-CANTE-IV-1024x724.jpg 1024w, https:\/\/blogsaverroes.juntadeandalucia.es\/maestramaricarmen\/files\/2019\/07\/ARBOL-CANTE-IV-24x17.jpg 24w, https:\/\/blogsaverroes.juntadeandalucia.es\/maestramaricarmen\/files\/2019\/07\/ARBOL-CANTE-IV-36x25.jpg 36w, https:\/\/blogsaverroes.juntadeandalucia.es\/maestramaricarmen\/files\/2019\/07\/ARBOL-CANTE-IV-48x34.jpg 48w, https:\/\/blogsaverroes.juntadeandalucia.es\/maestramaricarmen\/files\/2019\/07\/ARBOL-CANTE-IV.jpg 1600w\" sizes=\"(max-width: 1031px) 100vw, 1031px\" \/><\/p>\n","protected":false},"excerpt":{"rendered":"<p>En esta entrada podemos ver un ejemplo del \u00e1rbol de los palos del flamenco. As\u00ed podremos entender de d\u00f3nde sale cada tipo de cante flamenco. &nbsp;<\/p>\n","protected":false},"author":6090,"featured_media":291,"comment_status":"open","ping_status":"open","sticky":false,"template":"","format":"standard","meta":{"ngg_post_thumbnail":0,"footnotes":""},"categories":[291],"tags":[],"aioseo_notices":[],"_links":{"self":[{"href":"https:\/\/blogsaverroes.juntadeandalucia.es\/maestramaricarmen\/wp-json\/wp\/v2\/posts\/286"}],"collection":[{"href":"https:\/\/blogsaverroes.juntadeandalucia.es\/maestramaricarmen\/wp-json\/wp\/v2\/posts"}],"about":[{"href":"https:\/\/blogsaverroes.juntadeandalucia.es\/maestramaricarmen\/wp-json\/wp\/v2\/types\/post"}],"author":[{"embeddable":true,"href":"https:\/\/blogsaverroes.juntadeandalucia.es\/maestramaricarmen\/wp-json\/wp\/v2\/users\/6090"}],"replies":[{"embeddable":true,"href":"https:\/\/blogsaverroes.juntadeandalucia.es\/maestramaricarmen\/wp-json\/wp\/v2\/comments?post=286"}],"version-history":[{"count":3,"href":"https:\/\/blogsaverroes.juntadeandalucia.es\/maestramaricarmen\/wp-json\/wp\/v2\/posts\/286\/revisions"}],"predecessor-version":[{"id":296,"href":"https:\/\/blogsaverroes.juntadeandalucia.es\/maestramaricarmen\/wp-json\/wp\/v2\/posts\/286\/revisions\/296"}],"wp:featuredmedia":[{"embeddable":true,"href":"https:\/\/blogsaverroes.juntadeandalucia.es\/maestramaricarmen\/wp-json\/wp\/v2\/media\/291"}],"wp:attachment":[{"href":"https:\/\/blogsaverroes.juntadeandalucia.es\/maestramaricarmen\/wp-json\/wp\/v2\/media?parent=286"}],"wp:term":[{"taxonomy":"category","embeddable":true,"href":"https:\/\/blogsaverroes.juntadeandalucia.es\/maestramaricarmen\/wp-json\/wp\/v2\/categories?post=286"},{"taxonomy":"post_tag","embeddable":true,"href":"https:\/\/blogsaverroes.juntadeandalucia.es\/maestramaricarmen\/wp-json\/wp\/v2\/tags?post=286"}],"curies":[{"name":"wp","href":"https:\/\/api.w.org\/{rel}","templated":true}]}}