{"id":577,"date":"2020-05-21T11:46:51","date_gmt":"2020-05-21T09:46:51","guid":{"rendered":"https:\/\/blogsaverroes.juntadeandalucia.es\/maestravanesainf\/?p=577"},"modified":"2020-05-28T12:27:50","modified_gmt":"2020-05-28T10:27:50","slug":"palabras-de-primavera","status":"publish","type":"post","link":"https:\/\/blogsaverroes.juntadeandalucia.es\/maestravanesainf\/2020\/05\/21\/palabras-de-primavera\/","title":{"rendered":"Palabras de Primavera"},"content":{"rendered":"<p style=\"text-align: center\"><span style=\"font-size: 24pt\"><b><span style=\"color: #008000\">\u24bd<\/span><span style=\"color: #ff0000\">\u24c4<\/span><span style=\"color: #00ff00\">\u24c1<\/span><span style=\"color: #ff6600\">\u24b6<\/span>&nbsp;<span style=\"color: #00ffff\">\u24c5<\/span><span style=\"color: #ff00ff\">\u24ba<\/span><span style=\"color: #800080\">\u24c6<\/span><span style=\"color: #008000\">\u24ca<\/span><span style=\"color: #cc99ff\">\u24ba<\/span><span style=\"color: #0000ff\">\u24c8<\/span><\/b><\/span><\/p>\n<p style=\"text-align: center\"><span style=\"font-family: 'comic sans ms', sans-serif\">Ya estamos en \u00a1<b><span style=\"color: #0000ff\">PRI<\/span><span style=\"color: #ff00ff\">MA<\/span><span style=\"color: #008000\">VE<\/span><span style=\"color: #ff6600\">RA<\/span>!<\/b>&nbsp;y \u00bfC\u00f3mo lo sabemos? Pues porque los p\u00e1jaros est\u00e1n muy cantarines, las flores empiezan a salir de mil colores y si damos un paseito por el campo podremos observar c\u00f3mo nuevos animalitos salen a pasear. Adem\u00e1s cuando llueve,\u2026.uuhhhhmmm\u2026 huele a tierra mojada y nos visita un precioso Arco Iris de colores!<\/span><\/p>\n<p style=\"text-align: center\"><span style=\"font-family: 'comic sans ms', sans-serif\">Por eso, os proponemos un juego de letras y palabras para jugar con los elementos de la Primavera, pero,\u2026<\/span><\/p>\n<p><span style=\"font-family: 'comic sans ms', sans-serif\"><span style=\"color: #ff0000\"><b><span style=\"color: #000000\">\u00a1<\/span>Cuidad<\/b><strong>o<\/strong><\/span> Deb\u00e9is estar muy atentos para no perder&nbsp;<span style=\"color: #008000\" data-blogger-escaped-style=\"color: lime; font-size: large;\"><b>detalle<\/b><\/span>! ya que para realizar este juego necesitaremos una bandejas sensoriales, \u00bfQue c\u00f3mo se preparan?, \u00a1Pues muy f\u00e1cil! Te lo contamos enseguida\u2026<\/span><\/p>\n<p style=\"text-align: center\"><strong><span style=\"font-family: 'comic sans ms', sans-serif;font-size: 14pt\"><span style=\"color: #800080\">\u00bfPreparad@s?<\/span>,&nbsp;<span style=\"color: #00ccff\">\u00bfList@s?<\/span>,&nbsp;<span style=\"color: #ff00ff\">\u00a1Ya!<\/span><\/span><\/strong><\/p>\n<p style=\"text-align: center\"><span style=\"font-family: 'comic sans ms', sans-serif;color: #0000ff;font-size: 14pt\"><u><i><b>Materiales:<\/b><\/i><\/u><\/span><\/p>\n<p style=\"text-align: center\"><span style=\"font-family: 'comic sans ms', sans-serif\">*&nbsp;<b>Bandeja&nbsp;<\/b>de cocina, plato,tupper, fuente baja,\u2026<\/span><\/p>\n<p style=\"text-align: center\"><span style=\"font-family: 'comic sans ms', sans-serif\">*&nbsp;<b>Harina,sal, arroz, sal de ba\u00f1o, pan rallado,\u2026<\/b>&nbsp;o cualquier otro ingrediente de cocina que podamos introducir en la bandeja y nos permita realizar trazos y dibujos.<\/span><\/p>\n<p style=\"text-align: center\"><span style=\"color: #0000ff;font-family: 'comic sans ms', sans-serif\" data-blogger-escaped-style=\"color: blue; font-family: &quot;courier new&quot; , &quot;courier&quot; , monospace; font-size: large;\"><b><i><u>Preparaci\u00f3n<\/u><\/i><\/b><\/span><\/p>\n<p style=\"text-align: center\"><span style=\"font-family: 'comic sans ms', sans-serif\">Introducimos el ingrediente elegido dentro de la bandeja. Solo una peque\u00f1a cantidad que cubra la superficie de la bandeja, pero que nos permita que, al realizar un dibujo o trazo, se vea la superficie de abajo, como en la imagen que os dejamos de ejemplo.<\/span><\/p>\n<p style=\"text-align: center\"><img loading=\"lazy\" decoding=\"async\" class=\"aligncenter\" src=\"https:\/\/www.mumuchu.com\/media\/catalog\/product\/cache\/1\/image\/9df78eab33525d08d6e5fb8d27136e95\/b\/a\/bandeja-de-madera-con-arena-para-letras---montessori.jpg\" alt=\"Bandeja de madera con arena para letras - Montessori\" width=\"254\" height=\"254\"><\/p>\n<p style=\"text-align: center\"><span style=\"font-family: 'comic sans ms', sans-serif\">Estas bandejas son geniales para la actividad de hoy, ya que al trazar con el dedo nos permiten dibujar y escribir trazos de manera divertida. Que es precisamente, lo que vamos a hacer la actividad que tenemos preparada.<\/span><\/p>\n<p style=\"text-align: center\"><span style=\"font-size: 14pt;color: #ff00ff\"><i>Pero,\u2026\u00bfqu\u00e9 vamos a dibujar o escribir en estas bandejas?&nbsp;<\/i><\/span><\/p>\n<p style=\"text-align: center\"><span style=\"font-family: 'comic sans ms', sans-serif\">A continuaci\u00f3n os ense\u00f1amos las propuestas de hoy, unas tarjetas con dibujos y palabras de<span style=\"font-size: 14pt\"><span style=\"color: #ff00ff\">&nbsp;P<\/span><span style=\"color: #0000ff\">R<\/span><span style=\"color: #ff6600\">I<\/span><span style=\"color: #008000\">M<\/span><span style=\"color: #ff0000\">A<\/span><span style=\"color: #8c00ff\">V<\/span><span style=\"color: #ff99cc\">E<\/span><span style=\"color: #00ccff\">R<\/span><span style=\"color: #00ff00\">A<\/span>&nbsp;<\/span>que las se\u00f1os hemos hecho con mucho cari\u00f1o.<\/span><\/p>\n<p style=\"text-align: center\"><span style=\"font-family: 'comic sans ms', sans-serif\">Como ver\u00e9is, os dejamos tarjetas en forma de v\u00eddeo-libro, para que,&nbsp; pod\u00e1is verlas y escuchar su nombre y otras tarjetas en forma de cartas, para que pod\u00e1is ir pas\u00e1ndolas y escribiendo sus letras, palabras o realizar los dibujos que m\u00e1s os guste.<\/span><\/p>\n<p style=\"text-align: center\"><span style=\"font-family: 'comic sans ms', sans-serif;color: #0000ff;font-size: 14pt\"><b><u>Din\u00e1mica del juego:<\/u><\/b><\/span><\/p>\n<p style=\"text-align: center\"><span style=\"font-family: 'comic sans ms', sans-serif\"><span style=\"color: #8c00ff\"><u><b>1.&nbsp;<\/b><b>Visionado del v\u00eddeo-libro.<\/b><\/u>&nbsp;<\/span>Escuchad muy atentos y no perd\u00e1is detalle de cada imagen y su palabra. \u00bfSois capaces de repetirlas vosotr@s solit@s?<\/span><\/p>\n<p style=\"text-align: center\"><span style=\"font-family: 'comic sans ms', sans-serif\"><span style=\"color: #8c00ff\"><u><b>2. Bandeja sensorial.<\/b><\/u><\/span>&nbsp;Ahora, coged la bandeja que hemos preparado antes. En el tel\u00e9fono, ordenador o dispositivo que est\u00e9is utilizando, abrid las im\u00e1genes de las tarjetas. Id eligiendo y escribiendo la palabra o dibujo que m\u00e1s os guste. \u00bfCu\u00e1ntas palabras ser\u00e9is capaces de escribir? Seguro que muchas, solo lo ten\u00e9is que intentar, ver\u00e9is qu\u00e9 divertido!<\/span><\/p>\n<p style=\"text-align: center\"><span style=\"font-family: 'comic sans ms', sans-serif\">A continuaci\u00f3n os dejamos las tarjetas de Primavera, con unas pautas&nbsp;para&nbsp;que vuestra familia os pueda ayudar en el juego.<\/span><\/p>\n<p style=\"text-align: center\"><span style=\"color: #38d657;font-family: 'comic sans ms', sans-serif;font-size: 14pt\"><b>5 A\u00d1OS<\/b><\/span><\/p>\n<p style=\"text-align: center\"><span style=\"font-family: 'comic sans ms', sans-serif\"><span style=\"color: #8c00ff\"><b>1. Visionado del v\u00eddeo-libro.<\/b>&nbsp;<\/span>Pod\u00e9is verlo, escucharlo, jugar a repetir la palabra o adivinarla antes de o\u00edrla.<\/span><\/p>\n<p style=\"text-align: center\"><a href=\"https:\/\/drive.google.com\/file\/d\/1LEREfUJiELqqcbo-AWwerPXH8kHYeaCg\/view?usp=sharing\"><img decoding=\"async\" class=\"aligncenter\" src=\"https:\/\/blogsaverroes.juntadeandalucia.es\/cosasdepeques\/files\/2020\/05\/tarjetas.png\"><\/a><\/p>\n<p style=\"text-align: center\"><span style=\"font-family: 'comic sans ms', sans-serif\"><span style=\"color: #8c00ff\"><b data-blogger-escaped-style=\"text-align: justify;\">2. Bandeja sensorial.<\/b><\/span>&nbsp;Ahora nos prepararemos para jugar con las cartas. Coge tu bandeja sensorial y estas cartas que te dejamos a continuaci\u00f3n (pod\u00e9is ir vi\u00e9ndolas en el tel\u00e9fono u otro dispositivo, pas\u00e1ndolas una a una). Encontrar\u00e9is las cartas con los dibujos y su palabra escrita en may\u00fascula y min\u00fascula. Como ya sois muy mayores, pod\u00e9is escribir las palabras en may\u00fascula e ir atrevi\u00e9ndoos con las min\u00fasculas. Elegid aquellas en las que os sint\u00e1is m\u00e1s c\u00f3mod@s y segur@s e ir probando poco a poco a ir dando un pasito m\u00e1s en la dificultad.&nbsp;<\/span><\/p>\n<p style=\"text-align: center\"><a href=\"https:\/\/drive.google.com\/open?id=1EDRSWwPfBvJVNqIuTFzJ1dmXl7CC0Q1x\"><img decoding=\"async\" class=\"aligncenter\" src=\"https:\/\/1.bp.blogspot.com\/-fabnVTNmVBU\/Xr7IPpiKKwI\/AAAAAAAABcU\/zGEfu4qsGa4-hqSbxretNRyTaco7aNCJACLcBGAsYHQ\/s200\/IMG_0850.jpg\" alt=\" LETRAS PRIMAVERA\"><\/a><\/p>\n<p style=\"text-align: center\"><span style=\"font-family: 'comic sans ms', sans-serif\"><i>Siempre respetando el ritmo de cada ni\u00f1o y ni\u00f1a, ya que lo m\u00e1s&nbsp;&nbsp;<b><span style=\"color: #ff00ff\">IMPORTANTE<\/span>&nbsp;<\/b>es<span style=\"color: #3366ff\">&nbsp;<\/span><span style=\"color: #3366ff\">DISFRUTAR<\/span>&nbsp;con la actividad y adquirir&nbsp;<span style=\"color: #ff6600\" data-blogger-escaped-style=\"color: #3d85c6;\">SEGURIDAD<\/span>&nbsp;a la hora de escribir. Tambi\u00e9n, si os apetece, pod\u00e9is animaros a realizar bonitos dibujos de Primavera.<\/i><\/span><\/p>\n<div data-blogger-escaped-style=\"text-align: center;\">\n<p style=\"text-align: center\"><span style=\"font-family: 'comic sans ms', sans-serif\" data-blogger-escaped-style=\"font-family: inherit;\">Esperamos que os guste mucho esta experiencia y os anim\u00e9is a escribir muchas letras y palabras en estas bandejas tan divertidas!<\/span><\/p>\n<p style=\"text-align: center\"><span style=\"font-family: 'comic sans ms', sans-serif;font-size: 18pt;color: #7d32ba\">\u00a1Me han encantado vuestras bandejas sensoriales!<\/span><\/p>\n<p style=\"text-align: center\"><span style=\"font-family: 'comic sans ms', sans-serif;font-size: 18pt;color: #7d32ba\">\u00a1Aqu\u00ed las ten\u00e9is!<\/span><\/p>\n<p style=\"text-align: center\"><img loading=\"lazy\" decoding=\"async\" class=\" wp-image-632 aligncenter\" src=\"https:\/\/blogsaverroes.juntadeandalucia.es\/maestravanesainf\/files\/2020\/05\/Bandejas-Cristian-300x207.jpg\" alt=\"\" width=\"490\" height=\"338\" srcset=\"https:\/\/blogsaverroes.juntadeandalucia.es\/maestravanesainf\/files\/2020\/05\/Bandejas-Cristian-300x207.jpg 300w, https:\/\/blogsaverroes.juntadeandalucia.es\/maestravanesainf\/files\/2020\/05\/Bandejas-Cristian-768x530.jpg 768w, https:\/\/blogsaverroes.juntadeandalucia.es\/maestravanesainf\/files\/2020\/05\/Bandejas-Cristian-1024x707.jpg 1024w, https:\/\/blogsaverroes.juntadeandalucia.es\/maestravanesainf\/files\/2020\/05\/Bandejas-Cristian-24x17.jpg 24w, https:\/\/blogsaverroes.juntadeandalucia.es\/maestravanesainf\/files\/2020\/05\/Bandejas-Cristian-36x25.jpg 36w, https:\/\/blogsaverroes.juntadeandalucia.es\/maestravanesainf\/files\/2020\/05\/Bandejas-Cristian-48x33.jpg 48w, https:\/\/blogsaverroes.juntadeandalucia.es\/maestravanesainf\/files\/2020\/05\/Bandejas-Cristian.jpg 1200w\" sizes=\"(max-width: 490px) 100vw, 490px\" \/><\/p>\n<p style=\"text-align: center\"><img loading=\"lazy\" decoding=\"async\" class=\" wp-image-633 aligncenter\" src=\"https:\/\/blogsaverroes.juntadeandalucia.es\/maestravanesainf\/files\/2020\/05\/Bandeja-Candela-300x207.jpg\" alt=\"\" width=\"493\" height=\"339\" srcset=\"https:\/\/blogsaverroes.juntadeandalucia.es\/maestravanesainf\/files\/2020\/05\/Bandeja-Candela-300x207.jpg 300w, https:\/\/blogsaverroes.juntadeandalucia.es\/maestravanesainf\/files\/2020\/05\/Bandeja-Candela-768x530.jpg 768w, https:\/\/blogsaverroes.juntadeandalucia.es\/maestravanesainf\/files\/2020\/05\/Bandeja-Candela-1024x707.jpg 1024w, https:\/\/blogsaverroes.juntadeandalucia.es\/maestravanesainf\/files\/2020\/05\/Bandeja-Candela-24x17.jpg 24w, https:\/\/blogsaverroes.juntadeandalucia.es\/maestravanesainf\/files\/2020\/05\/Bandeja-Candela-36x25.jpg 36w, https:\/\/blogsaverroes.juntadeandalucia.es\/maestravanesainf\/files\/2020\/05\/Bandeja-Candela-48x33.jpg 48w, https:\/\/blogsaverroes.juntadeandalucia.es\/maestravanesainf\/files\/2020\/05\/Bandeja-Candela.jpg 1200w\" sizes=\"(max-width: 493px) 100vw, 493px\" \/><\/p>\n<p style=\"text-align: center\"><img loading=\"lazy\" decoding=\"async\" class=\"wp-image-634 aligncenter\" src=\"https:\/\/blogsaverroes.juntadeandalucia.es\/maestravanesainf\/files\/2020\/05\/Bandejas-Alessandra-300x207.jpg\" alt=\"\" width=\"497\" height=\"343\" srcset=\"https:\/\/blogsaverroes.juntadeandalucia.es\/maestravanesainf\/files\/2020\/05\/Bandejas-Alessandra-300x207.jpg 300w, https:\/\/blogsaverroes.juntadeandalucia.es\/maestravanesainf\/files\/2020\/05\/Bandejas-Alessandra-768x530.jpg 768w, https:\/\/blogsaverroes.juntadeandalucia.es\/maestravanesainf\/files\/2020\/05\/Bandejas-Alessandra-1024x707.jpg 1024w, https:\/\/blogsaverroes.juntadeandalucia.es\/maestravanesainf\/files\/2020\/05\/Bandejas-Alessandra-24x17.jpg 24w, https:\/\/blogsaverroes.juntadeandalucia.es\/maestravanesainf\/files\/2020\/05\/Bandejas-Alessandra-36x25.jpg 36w, https:\/\/blogsaverroes.juntadeandalucia.es\/maestravanesainf\/files\/2020\/05\/Bandejas-Alessandra-48x33.jpg 48w, https:\/\/blogsaverroes.juntadeandalucia.es\/maestravanesainf\/files\/2020\/05\/Bandejas-Alessandra.jpg 1200w\" sizes=\"(max-width: 497px) 100vw, 497px\" \/><\/p>\n<\/div>\n<p style=\"text-align: center\"><img loading=\"lazy\" decoding=\"async\" class=\" wp-image-668 aligncenter\" src=\"https:\/\/blogsaverroes.juntadeandalucia.es\/maestravanesainf\/files\/2020\/05\/Bandeja-sensorial-Francisco-200x300.jpg\" alt=\"\" width=\"357\" height=\"535\" srcset=\"https:\/\/blogsaverroes.juntadeandalucia.es\/maestravanesainf\/files\/2020\/05\/Bandeja-sensorial-Francisco-200x300.jpg 200w, https:\/\/blogsaverroes.juntadeandalucia.es\/maestravanesainf\/files\/2020\/05\/Bandeja-sensorial-Francisco-16x24.jpg 16w, https:\/\/blogsaverroes.juntadeandalucia.es\/maestravanesainf\/files\/2020\/05\/Bandeja-sensorial-Francisco-24x36.jpg 24w, https:\/\/blogsaverroes.juntadeandalucia.es\/maestravanesainf\/files\/2020\/05\/Bandeja-sensorial-Francisco-32x48.jpg 32w, https:\/\/blogsaverroes.juntadeandalucia.es\/maestravanesainf\/files\/2020\/05\/Bandeja-sensorial-Francisco.jpg 552w\" sizes=\"(max-width: 357px) 100vw, 357px\" \/><\/p>\n<div data-blogger-escaped-style=\"text-align: center;\">&nbsp;<\/div>\n<div data-blogger-escaped-style=\"text-align: center;\">\n<p style=\"text-align: center\"><span style=\"font-family: 'comic sans ms', sans-serif\" data-blogger-escaped-style=\"font-family: inherit;\">#TodoVaASalirBien<\/span><\/p>\n<\/div>\n<div style=\"text-align: center\" data-blogger-escaped-style=\"text-align: center;\">\n<p><span style=\"font-family: 'comic sans ms', sans-serif\" data-blogger-escaped-style=\"font-family: inherit;\">#NosQuedamosEnCasa<\/span><\/p>\n<\/div>\n<div style=\"text-align: center\" data-blogger-escaped-style=\"text-align: center;\">\n<p><span style=\"font-family: 'comic sans ms', sans-serif\" data-blogger-escaped-style=\"font-family: inherit;\">#BandejasSensoriales<\/span><\/p>\n<\/div>\n<div style=\"text-align: center\" data-blogger-escaped-style=\"text-align: center;\">\n<p><span style=\"font-family: 'comic sans ms', sans-serif\" data-blogger-escaped-style=\"font-family: inherit;\">#LectoescrituraDivertida<\/span><\/p>\n<\/div>\n<div data-blogger-escaped-style=\"text-align: center;\">\n<p style=\"text-align: center\"><span style=\"font-family: 'comic sans ms', sans-serif\" data-blogger-escaped-style=\"font-family: inherit;\">#PalabrasDePrimavera<\/span><\/p>\n<p style=\"text-align: center\"><img loading=\"lazy\" decoding=\"async\" class=\"wp-image-635 aligncenter\" src=\"https:\/\/blogsaverroes.juntadeandalucia.es\/maestravanesainf\/files\/2020\/05\/Me-encanta-300x300.jpg\" alt=\"\" width=\"210\" height=\"211\" srcset=\"https:\/\/blogsaverroes.juntadeandalucia.es\/maestravanesainf\/files\/2020\/05\/Me-encanta-300x300.jpg 300w, https:\/\/blogsaverroes.juntadeandalucia.es\/maestravanesainf\/files\/2020\/05\/Me-encanta-150x150.jpg 150w, https:\/\/blogsaverroes.juntadeandalucia.es\/maestravanesainf\/files\/2020\/05\/Me-encanta-100x100.jpg 100w, https:\/\/blogsaverroes.juntadeandalucia.es\/maestravanesainf\/files\/2020\/05\/Me-encanta-24x24.jpg 24w, https:\/\/blogsaverroes.juntadeandalucia.es\/maestravanesainf\/files\/2020\/05\/Me-encanta-36x36.jpg 36w, https:\/\/blogsaverroes.juntadeandalucia.es\/maestravanesainf\/files\/2020\/05\/Me-encanta-48x48.jpg 48w, https:\/\/blogsaverroes.juntadeandalucia.es\/maestravanesainf\/files\/2020\/05\/Me-encanta.jpg 398w\" sizes=\"(max-width: 210px) 100vw, 210px\" \/><\/p>\n<p style=\"text-align: center\">&nbsp;<\/p>\n<\/div>\n","protected":false},"excerpt":{"rendered":"<p>\u24bd\u24c4\u24c1\u24b6&nbsp;\u24c5\u24ba\u24c6\u24ca\u24ba\u24c8 Ya estamos en \u00a1PRIMAVERA!&nbsp;y \u00bfC\u00f3mo lo sabemos? Pues porque los p\u00e1jaros est\u00e1n muy cantarines, las flores empiezan a salir de mil colores y si damos un paseito por el campo podremos observar c\u00f3mo nuevos animalitos salen a pasear. Adem\u00e1s cuando llueve,\u2026.uuhhhhmmm\u2026 huele a tierra mojada y nos visita un precioso Arco Iris de colores! &hellip; <a href=\"https:\/\/blogsaverroes.juntadeandalucia.es\/maestravanesainf\/2020\/05\/21\/palabras-de-primavera\/\" class=\"more-link\">Sigue leyendo <span class=\"screen-reader-text\">Palabras de Primavera<\/span><\/a><\/p>\n","protected":false},"author":8339,"featured_media":0,"comment_status":"open","ping_status":"open","sticky":false,"template":"","format":"standard","meta":{"ngg_post_thumbnail":0,"footnotes":""},"categories":[1],"tags":[],"aioseo_notices":[],"_links":{"self":[{"href":"https:\/\/blogsaverroes.juntadeandalucia.es\/maestravanesainf\/wp-json\/wp\/v2\/posts\/577"}],"collection":[{"href":"https:\/\/blogsaverroes.juntadeandalucia.es\/maestravanesainf\/wp-json\/wp\/v2\/posts"}],"about":[{"href":"https:\/\/blogsaverroes.juntadeandalucia.es\/maestravanesainf\/wp-json\/wp\/v2\/types\/post"}],"author":[{"embeddable":true,"href":"https:\/\/blogsaverroes.juntadeandalucia.es\/maestravanesainf\/wp-json\/wp\/v2\/users\/8339"}],"replies":[{"embeddable":true,"href":"https:\/\/blogsaverroes.juntadeandalucia.es\/maestravanesainf\/wp-json\/wp\/v2\/comments?post=577"}],"version-history":[{"count":11,"href":"https:\/\/blogsaverroes.juntadeandalucia.es\/maestravanesainf\/wp-json\/wp\/v2\/posts\/577\/revisions"}],"predecessor-version":[{"id":592,"href":"https:\/\/blogsaverroes.juntadeandalucia.es\/maestravanesainf\/wp-json\/wp\/v2\/posts\/577\/revisions\/592"}],"wp:attachment":[{"href":"https:\/\/blogsaverroes.juntadeandalucia.es\/maestravanesainf\/wp-json\/wp\/v2\/media?parent=577"}],"wp:term":[{"taxonomy":"category","embeddable":true,"href":"https:\/\/blogsaverroes.juntadeandalucia.es\/maestravanesainf\/wp-json\/wp\/v2\/categories?post=577"},{"taxonomy":"post_tag","embeddable":true,"href":"https:\/\/blogsaverroes.juntadeandalucia.es\/maestravanesainf\/wp-json\/wp\/v2\/tags?post=577"}],"curies":[{"name":"wp","href":"https:\/\/api.w.org\/{rel}","templated":true}]}}