{"id":677,"date":"2020-05-29T09:49:03","date_gmt":"2020-05-29T07:49:03","guid":{"rendered":"https:\/\/blogsaverroes.juntadeandalucia.es\/maestravanesainf\/?p=677"},"modified":"2020-05-29T09:49:50","modified_gmt":"2020-05-29T07:49:50","slug":"que-bonito-cuento","status":"publish","type":"post","link":"https:\/\/blogsaverroes.juntadeandalucia.es\/maestravanesainf\/2020\/05\/29\/que-bonito-cuento\/","title":{"rendered":"\u00a1QU\u00c9 BONITO CUENTO!"},"content":{"rendered":"<p style=\"text-align: center\"><strong><span style=\"font-family: 'comic sans ms', sans-serif;font-size: 18pt;color: #0000ff\">\u00a1\u00a1Hola peques!!<\/span><\/strong><\/p>\n<div style=\"text-align: center\"><span style=\"font-family: 'comic sans ms', sans-serif\">Hoy ya es viernes y acabamos la&nbsp; semana.&nbsp;<\/span><\/div>\n<div style=\"text-align: center\"><span style=\"font-family: 'comic sans ms', sans-serif\">Y qu\u00e9 mejor manera que, terminarla, escuchando un bonito cuento.<\/span><\/div>\n<div class=\"separator\" style=\"text-align: center\">&nbsp;<\/div>\n<div style=\"text-align: center\"><span style=\"font-family: 'comic sans ms', sans-serif\">Como sab\u00e9is, los<b>&nbsp;<span style=\"color: #8845bf\">cuentos<\/span><\/b>, son un<b>&nbsp;<span style=\"color: #ff6600\">tesoro de la infancia<\/span><\/b><span style=\"color: #ff6600\">&nbsp;<\/span>que, nos hacen disfrutar y nos enriquecen personalmente.<\/span><\/div>\n<div>&nbsp;<\/div>\n<div style=\"text-align: center\"><img loading=\"lazy\" decoding=\"async\" class=\"aligncenter\" src=\"https:\/\/1.bp.blogspot.com\/-H7az-bWcO04\/XszZpmmpUYI\/AAAAAAABB1U\/ykll5js5MVQ42wFSGMad1ffzWBMxNpXFQCLcBGAsYHQ\/s200\/Sin%2Bt%25C3%25ADtulo.png\" width=\"216\" height=\"230\"><\/div>\n<div>&nbsp;<\/div>\n<div style=\"text-align: left\"><span style=\"font-family: 'comic sans ms', sans-serif\">Los&nbsp;<span style=\"color: #ff00ff\">cuentos<\/span>, adem\u00e1s, tienen un amplio&nbsp;<span style=\"color: #8845bf\">valor educativo<\/span>:<\/span><\/div>\n<div>&nbsp;<\/div>\n<div>\n<div><span style=\"font-family: 'comic sans ms', sans-serif\">&#8211; Fomentan la creatividad y la imaginaci\u00f3n.<\/span><\/div>\n<div><span style=\"font-family: 'comic sans ms', sans-serif\">&#8211; Favorecen el desarrollo afectivo.<\/span><\/div>\n<div><span style=\"font-family: 'comic sans ms', sans-serif\">&#8211; Ayudan a encontrar significado a los valores humanos.<\/span><\/div>\n<div><span style=\"font-family: 'comic sans ms', sans-serif\">&#8211; Favorecen el entretenimiento y la relajaci\u00f3n.<\/span><\/div>\n<\/div>\n<div>&nbsp;<\/div>\n<div style=\"text-align: center\">\n<div><span style=\"color: #ff00ff;font-family: 'comic sans ms', sans-serif;font-size: 14pt\"><b>\u00bfEst\u00e1is preparados? Muy atentos que&#8230;..<\/b><\/span><\/div>\n<\/div>\n<div>&nbsp;<\/div>\n<div style=\"text-align: center\"><span style=\"color: #8845bf;font-family: 'comic sans ms', sans-serif;font-size: 14pt\"><b>\u00a1Vamos a escuchar este cuento tan bonito!<\/b><\/span><\/div>\n<div>&nbsp;<\/div>\n<div style=\"text-align: center\">\n<p><iframe loading=\"lazy\" title=\"Hijito pollito. Cuento\" width=\"660\" height=\"371\" src=\"https:\/\/www.youtube.com\/embed\/N0Xj_XOfCDc?feature=oembed\" frameborder=\"0\" allow=\"accelerometer; autoplay; encrypted-media; gyroscope; picture-in-picture\" allowfullscreen><\/iframe><\/p>\n<div><span style=\"font-family: 'comic sans ms', sans-serif;font-size: 14pt;color: #0000ff\">\u00bfOs ha gustado el cuento?<\/span><\/div>\n<div><span style=\"font-family: 'comic sans ms', sans-serif;font-size: 14pt;color: #0000ff\">\u00bfQui\u00e9nes son los personajes?<\/span><\/div>\n<div><span style=\"font-family: 'comic sans ms', sans-serif;font-size: 14pt;color: #0000ff\">\u00bfQu\u00e9 ha ocurrido?&nbsp;<\/span><\/div>\n<div><span style=\"font-family: 'comic sans ms', sans-serif;font-size: 14pt;color: #0000ff\">\u00bfC\u00f3mo son los personajes?<\/span><\/div>\n<div><span style=\"font-family: 'comic sans ms', sans-serif;font-size: 14pt;color: #0000ff\">\u00bfQu\u00e9 es lo que m\u00e1s te ha gustado del cuento?<\/span><\/div>\n<div>&nbsp;<\/div>\n<\/div>\n<div style=\"text-align: center\"><span style=\"font-family: 'comic sans ms', sans-serif\">A continuaci\u00f3n y, despu\u00e9s de escuchar el cuento y hablar sobre \u00e9l, podemos cont\u00e1rselo a pap\u00e1, mam\u00e1, hermanos y abuelitos.<\/span><\/div>\n<div>&nbsp;<\/div>\n<div style=\"text-align: center\"><span style=\"color: #8845bf\"><b>\u00a1Seguro que les va a encantar!<\/b><\/span><\/div>\n<div>&nbsp;<\/div>\n<div style=\"text-align: center\"><span style=\"font-family: 'comic sans ms', sans-serif\">Y, si os apetece, pod\u00e9is hacer alguna <span style=\"color: #ff6600\">actividad<\/span> sobre el cuento.<\/span><\/div>\n<div style=\"text-align: center\"><span style=\"font-family: 'comic sans ms', sans-serif\">&nbsp;Os dejamos algunas <span style=\"color: #8845bf\">ideas<\/span>:<\/span><\/div>\n<div>&nbsp;<\/div>\n<div style=\"text-align: center\">\n<div><span style=\"font-family: 'comic sans ms', sans-serif\">Dibujar un personaje del cuento.<\/span><\/div>\n<div><span style=\"font-family: 'comic sans ms', sans-serif\">Hacer con plastilina alg\u00fan personaje.<\/span><\/div>\n<div><span style=\"font-family: 'comic sans ms', sans-serif\">Dramatizar con la familia el cuento.<\/span><\/div>\n<\/div>\n<div style=\"text-align: center\">&nbsp;<\/div>\n<div style=\"text-align: center\">\n<div><span style=\"font-family: 'comic sans ms', sans-serif\">En esta actividad <strong><span style=\"color: #ff00ff\">no<\/span><\/strong> ten\u00e9is que enviarnos nada<\/span><\/div>\n<div><span style=\"font-family: 'comic sans ms', sans-serif;font-size: 18pt;color: #ff00ff\"><b>\u00a1\u00a1\u00a1S\u00f3lo Disfrutar y Divertiros!!!<\/b><\/span><\/div>\n<\/div>\n<div>&nbsp;<\/div>\n<div style=\"text-align: center\">\n<div><span style=\"font-family: 'comic sans ms', sans-serif\"><b>#CuentosInfantiles<\/b><\/span><\/div>\n<div><span style=\"font-family: 'comic sans ms', sans-serif\"><b>#CuentosDeValores<\/b><\/span><\/div>\n<div><span style=\"font-family: 'comic sans ms', sans-serif\"><b>#CuentosEnCasa<\/b><\/span><\/div>\n<div><span style=\"font-family: 'comic sans ms', sans-serif\"><b>#TodoVaASalirBien<\/b><\/span><\/div>\n<div><span style=\"font-family: 'comic sans ms', sans-serif\"><b>#NosQuedamosEnCasa<\/b><\/span><\/div>\n<div><span style=\"font-family: 'comic sans ms', sans-serif\"><b>#OsEchamosDeMenos<\/b><\/span><\/div>\n<\/div>\n","protected":false},"excerpt":{"rendered":"<p>\u00a1\u00a1Hola peques!! Hoy ya es viernes y acabamos la&nbsp; semana.&nbsp; Y qu\u00e9 mejor manera que, terminarla, escuchando un bonito cuento. &nbsp; Como sab\u00e9is, los&nbsp;cuentos, son un&nbsp;tesoro de la infancia&nbsp;que, nos hacen disfrutar y nos enriquecen personalmente. &nbsp; &nbsp; Los&nbsp;cuentos, adem\u00e1s, tienen un amplio&nbsp;valor educativo: &nbsp; &#8211; Fomentan la creatividad y la imaginaci\u00f3n. &#8211; Favorecen el &hellip; <a href=\"https:\/\/blogsaverroes.juntadeandalucia.es\/maestravanesainf\/2020\/05\/29\/que-bonito-cuento\/\" class=\"more-link\">Sigue leyendo <span class=\"screen-reader-text\">\u00a1QU\u00c9 BONITO CUENTO!<\/span><\/a><\/p>\n","protected":false},"author":8339,"featured_media":0,"comment_status":"open","ping_status":"open","sticky":false,"template":"","format":"standard","meta":{"ngg_post_thumbnail":0,"footnotes":""},"categories":[1],"tags":[],"aioseo_notices":[],"_links":{"self":[{"href":"https:\/\/blogsaverroes.juntadeandalucia.es\/maestravanesainf\/wp-json\/wp\/v2\/posts\/677"}],"collection":[{"href":"https:\/\/blogsaverroes.juntadeandalucia.es\/maestravanesainf\/wp-json\/wp\/v2\/posts"}],"about":[{"href":"https:\/\/blogsaverroes.juntadeandalucia.es\/maestravanesainf\/wp-json\/wp\/v2\/types\/post"}],"author":[{"embeddable":true,"href":"https:\/\/blogsaverroes.juntadeandalucia.es\/maestravanesainf\/wp-json\/wp\/v2\/users\/8339"}],"replies":[{"embeddable":true,"href":"https:\/\/blogsaverroes.juntadeandalucia.es\/maestravanesainf\/wp-json\/wp\/v2\/comments?post=677"}],"version-history":[{"count":3,"href":"https:\/\/blogsaverroes.juntadeandalucia.es\/maestravanesainf\/wp-json\/wp\/v2\/posts\/677\/revisions"}],"predecessor-version":[{"id":680,"href":"https:\/\/blogsaverroes.juntadeandalucia.es\/maestravanesainf\/wp-json\/wp\/v2\/posts\/677\/revisions\/680"}],"wp:attachment":[{"href":"https:\/\/blogsaverroes.juntadeandalucia.es\/maestravanesainf\/wp-json\/wp\/v2\/media?parent=677"}],"wp:term":[{"taxonomy":"category","embeddable":true,"href":"https:\/\/blogsaverroes.juntadeandalucia.es\/maestravanesainf\/wp-json\/wp\/v2\/categories?post=677"},{"taxonomy":"post_tag","embeddable":true,"href":"https:\/\/blogsaverroes.juntadeandalucia.es\/maestravanesainf\/wp-json\/wp\/v2\/tags?post=677"}],"curies":[{"name":"wp","href":"https:\/\/api.w.org\/{rel}","templated":true}]}}