{"id":6,"count":3,"description":"Categor\u00eda para publicar la parte de Gram\u00e1tica del \u00e1rea de Lengua Castellana y Literatura.","link":"https:\/\/blogsaverroes.juntadeandalucia.es\/maestroeduefprimaria\/category\/lengua-3o-primaria\/gramatica\/","name":"Gram\u00e1tica","slug":"gramatica","taxonomy":"category","parent":3,"meta":[],"_links":{"self":[{"href":"https:\/\/blogsaverroes.juntadeandalucia.es\/maestroeduefprimaria\/wp-json\/wp\/v2\/categories\/6"}],"collection":[{"href":"https:\/\/blogsaverroes.juntadeandalucia.es\/maestroeduefprimaria\/wp-json\/wp\/v2\/categories"}],"about":[{"href":"https:\/\/blogsaverroes.juntadeandalucia.es\/maestroeduefprimaria\/wp-json\/wp\/v2\/taxonomies\/category"}],"up":[{"embeddable":true,"href":"https:\/\/blogsaverroes.juntadeandalucia.es\/maestroeduefprimaria\/wp-json\/wp\/v2\/categories\/3"}],"wp:post_type":[{"href":"https:\/\/blogsaverroes.juntadeandalucia.es\/maestroeduefprimaria\/wp-json\/wp\/v2\/posts?categories=6"}],"curies":[{"name":"wp","href":"https:\/\/api.w.org\/{rel}","templated":true}]}}