{"id":152,"date":"2022-11-26T10:00:10","date_gmt":"2022-11-26T10:00:10","guid":{"rendered":"https:\/\/blogsaverroes.juntadeandalucia.es\/maestroeduefprimaria\/?p=152"},"modified":"2022-11-25T20:00:56","modified_gmt":"2022-11-25T20:00:56","slug":"excursion-a-la-plataforma-solar-de-tabernas","status":"publish","type":"post","link":"https:\/\/blogsaverroes.juntadeandalucia.es\/maestroeduefprimaria\/excursion-a-la-plataforma-solar-de-tabernas\/","title":{"rendered":"Excursi\u00f3n a la Plataforma Solar de Tabernas"},"content":{"rendered":"<p>El pr\u00f3ximo lunes 28 de noviembre tendr\u00e1 lugar la excursi\u00f3n correspondiente al primer trimestre. Dicha actividad tendr\u00e1 lugar en horario lectivo debiendo estar el alumnado como todos los d\u00edas a las 9 de la ma\u00f1ana para entrar al colegio; la vuelta ser\u00e1 para llegar al colegio a las 13:45 para que el alumnado vaya a donde le corresponda (comedor, transporte o casa).<\/p>\n<p>El alumnado deber\u00e1 llevar el desayuno, ropa preferiblemente deportiva y c\u00f3moda, recomendable gorra. y es <strong>obligatoria la mascarilla para ir en el autob\u00fas<\/strong>.<\/p>\n<p>Espero que sus hijos\/as se lo pasen genial y su aprendizaje siga progresando.<\/p>\n","protected":false},"excerpt":{"rendered":"<p>El pr\u00f3ximo lunes 28 de noviembre tendr\u00e1 lugar la excursi\u00f3n correspondiente al primer trimestre. Dicha actividad tendr\u00e1 lugar en horario lectivo debiendo estar el alumnado como todos los d\u00edas a las 9 de la&#46;&#46;&#46;<\/p>\n","protected":false},"author":16172,"featured_media":0,"comment_status":"open","ping_status":"open","sticky":false,"template":"","format":"standard","meta":{"ngg_post_thumbnail":0,"footnotes":""},"categories":[1],"tags":[],"aioseo_notices":[],"_links":{"self":[{"href":"https:\/\/blogsaverroes.juntadeandalucia.es\/maestroeduefprimaria\/wp-json\/wp\/v2\/posts\/152"}],"collection":[{"href":"https:\/\/blogsaverroes.juntadeandalucia.es\/maestroeduefprimaria\/wp-json\/wp\/v2\/posts"}],"about":[{"href":"https:\/\/blogsaverroes.juntadeandalucia.es\/maestroeduefprimaria\/wp-json\/wp\/v2\/types\/post"}],"author":[{"embeddable":true,"href":"https:\/\/blogsaverroes.juntadeandalucia.es\/maestroeduefprimaria\/wp-json\/wp\/v2\/users\/16172"}],"replies":[{"embeddable":true,"href":"https:\/\/blogsaverroes.juntadeandalucia.es\/maestroeduefprimaria\/wp-json\/wp\/v2\/comments?post=152"}],"version-history":[{"count":1,"href":"https:\/\/blogsaverroes.juntadeandalucia.es\/maestroeduefprimaria\/wp-json\/wp\/v2\/posts\/152\/revisions"}],"predecessor-version":[{"id":153,"href":"https:\/\/blogsaverroes.juntadeandalucia.es\/maestroeduefprimaria\/wp-json\/wp\/v2\/posts\/152\/revisions\/153"}],"wp:attachment":[{"href":"https:\/\/blogsaverroes.juntadeandalucia.es\/maestroeduefprimaria\/wp-json\/wp\/v2\/media?parent=152"}],"wp:term":[{"taxonomy":"category","embeddable":true,"href":"https:\/\/blogsaverroes.juntadeandalucia.es\/maestroeduefprimaria\/wp-json\/wp\/v2\/categories?post=152"},{"taxonomy":"post_tag","embeddable":true,"href":"https:\/\/blogsaverroes.juntadeandalucia.es\/maestroeduefprimaria\/wp-json\/wp\/v2\/tags?post=152"}],"curies":[{"name":"wp","href":"https:\/\/api.w.org\/{rel}","templated":true}]}}