{"id":993,"date":"2021-08-03T21:19:55","date_gmt":"2021-08-03T19:19:55","guid":{"rendered":"https:\/\/blogsaverroes.juntadeandalucia.es\/manuelandujar\/?p=993"},"modified":"2021-08-03T21:56:11","modified_gmt":"2021-08-03T19:56:11","slug":"estrenamos-nuevo-espacio-web","status":"publish","type":"post","link":"https:\/\/blogsaverroes.juntadeandalucia.es\/manuelandujar\/estrenamos-nuevo-espacio-web\/","title":{"rendered":"ESTRENAMOS NUEVO ESPACIO WEB"},"content":{"rendered":"<p>Estrenamos <a href=\"https:\/\/blogsaverroes.juntadeandalucia.es\/manuelandujar\/\" target=\"_blank\" rel=\"noopener noreferrer\">nueva Web<\/a> con un dise\u00f1o actual y preparada para dispositivos m\u00f3viles.<\/p>\n<p>Los tiempos han cambiado y la vertiginosa velocidad con la que avanzan las nuevas tecnolog\u00edas nos ha obligado a renovarla tras la comunicaci\u00f3n por parte de la Consejer\u00eda de Educaci\u00f3n de que dejaba de dar soporte a la Plataforma Helvia en la que estaba alojada hasta ahora nuestra <a href=\"https:\/\/www.juntadeandalucia.es\/averroes\/centros-tic\/23001263\/helvia\/sitio\/\" target=\"_blank\" rel=\"noopener noreferrer\">WEB<\/a>.<\/p>\n<p>Con este cambio pretendemos estrechar m\u00e1s la comunicaci\u00f3n con la comunidad educativa haci\u00e9ndola participe de nuestro d\u00eda a d\u00eda en el CEIP Manuel And\u00fajar.<\/p>\n<p>Esta nueva web pretende presentar y dar a conocer qui\u00e9nes somos, nuestro Proyecto Educativo, las instalaciones y servicios que ofrece nuestro colegio, as\u00ed como ofrecer informaci\u00f3n de inter\u00e9s a las familias, alumnado y dem\u00e1s miembros de la Comunidad Educativa: calendario escolar, horarios, libros de texto, art\u00edculos o noticias sobre actividades que realizamos, noticias m\u00e1s importantes, circulares y notas informativas, documentaci\u00f3n para la realizaci\u00f3n de tr\u00e1mites&#8230;<\/p>\n<p>Este proceso que hemos iniciado durante el mes de agosto ir\u00e1 avanzando hasta hacer de nuestra Web una ventana abierta a nuestro colegio.<\/p>\n<p>Os animamos a conocerla, divulgarla y participar en ella.<\/p>\n<p>No dud\u00e9is en contactar con nosotros para cualquier aportaci\u00f3n o sugerencia.<\/p>\n<p>\u00a1Muchas gracias!<\/p>\n","protected":false},"excerpt":{"rendered":"<p>Estrenamos nueva Web con un dise\u00f1o actual y preparada para dispositivos m\u00f3viles. Los tiempos han cambiado y la vertiginosa velocidad con la que avanzan las nuevas tecnolog\u00edas nos ha obligado a renovarla tras la comunicaci\u00f3n por parte de la Consejer\u00eda de Educaci\u00f3n de que dejaba de dar soporte a la Plataforma Helvia en la que [&hellip;]<\/p>\n","protected":false},"author":7782,"featured_media":30,"comment_status":"closed","ping_status":"open","sticky":false,"template":"","format":"standard","meta":{"_et_pb_use_builder":"off","_et_pb_old_content":"","_et_gb_content_width":"","ngg_post_thumbnail":0,"footnotes":""},"categories":[3,4],"tags":[9],"aioseo_notices":[],"_links":{"self":[{"href":"https:\/\/blogsaverroes.juntadeandalucia.es\/manuelandujar\/wp-json\/wp\/v2\/posts\/993"}],"collection":[{"href":"https:\/\/blogsaverroes.juntadeandalucia.es\/manuelandujar\/wp-json\/wp\/v2\/posts"}],"about":[{"href":"https:\/\/blogsaverroes.juntadeandalucia.es\/manuelandujar\/wp-json\/wp\/v2\/types\/post"}],"author":[{"embeddable":true,"href":"https:\/\/blogsaverroes.juntadeandalucia.es\/manuelandujar\/wp-json\/wp\/v2\/users\/7782"}],"replies":[{"embeddable":true,"href":"https:\/\/blogsaverroes.juntadeandalucia.es\/manuelandujar\/wp-json\/wp\/v2\/comments?post=993"}],"version-history":[{"count":6,"href":"https:\/\/blogsaverroes.juntadeandalucia.es\/manuelandujar\/wp-json\/wp\/v2\/posts\/993\/revisions"}],"predecessor-version":[{"id":1003,"href":"https:\/\/blogsaverroes.juntadeandalucia.es\/manuelandujar\/wp-json\/wp\/v2\/posts\/993\/revisions\/1003"}],"wp:featuredmedia":[{"embeddable":true,"href":"https:\/\/blogsaverroes.juntadeandalucia.es\/manuelandujar\/wp-json\/wp\/v2\/media\/30"}],"wp:attachment":[{"href":"https:\/\/blogsaverroes.juntadeandalucia.es\/manuelandujar\/wp-json\/wp\/v2\/media?parent=993"}],"wp:term":[{"taxonomy":"category","embeddable":true,"href":"https:\/\/blogsaverroes.juntadeandalucia.es\/manuelandujar\/wp-json\/wp\/v2\/categories?post=993"},{"taxonomy":"post_tag","embeddable":true,"href":"https:\/\/blogsaverroes.juntadeandalucia.es\/manuelandujar\/wp-json\/wp\/v2\/tags?post=993"}],"curies":[{"name":"wp","href":"https:\/\/api.w.org\/{rel}","templated":true}]}}