{"id":2153,"date":"2017-05-26T08:53:03","date_gmt":"2017-05-26T08:53:03","guid":{"rendered":"http:\/\/blogsaverroes.juntadeandalucia.es\/marargentea\/?p=2153"},"modified":"2020-12-12T23:59:47","modified_gmt":"2020-12-12T23:59:47","slug":"expoeducacion-2017","status":"publish","type":"post","link":"https:\/\/blogsaverroes.juntadeandalucia.es\/marargentea\/2017\/05\/26\/expoeducacion-2017\/","title":{"rendered":"Expoeducaci\u00f3n 2017"},"content":{"rendered":"<h3>Curso 2016-17<\/h3>\n<h4 style=\"text-align: center\">El CEIP Mar Argentea tuvo el honor de participar en la presente edici\u00f3n de Expoeducaci\u00f3n, a la que acudieron varios centros de diversas etapas de la provincia de M\u00e1laga para dar a conocer sus novedosas formas de trabajo.<\/h4>\n<p>&nbsp;<\/p>\n<div id='gallery-1' class='gallery galleryid-2153 gallery-columns-7 gallery-size-thumbnail'><figure class='gallery-item'>\n\t\t\t<div class='gallery-icon landscape'>\n\t\t\t\t<a href='https:\/\/blogsaverroes.juntadeandalucia.es\/marargentea\/files\/2017\/05\/20170505_120943.jpg'><img loading=\"lazy\" decoding=\"async\" width=\"150\" height=\"150\" src=\"https:\/\/blogsaverroes.juntadeandalucia.es\/marargentea\/files\/2017\/05\/20170505_120943-150x150.jpg\" class=\"attachment-thumbnail size-thumbnail\" alt=\"\" srcset=\"https:\/\/blogsaverroes.juntadeandalucia.es\/marargentea\/files\/2017\/05\/20170505_120943-150x150.jpg 150w, https:\/\/blogsaverroes.juntadeandalucia.es\/marargentea\/files\/2017\/05\/20170505_120943-100x100.jpg 100w\" sizes=\"(max-width: 150px) 100vw, 150px\" \/><\/a>\n\t\t\t<\/div><\/figure><figure class='gallery-item'>\n\t\t\t<div class='gallery-icon landscape'>\n\t\t\t\t<a href='https:\/\/blogsaverroes.juntadeandalucia.es\/marargentea\/files\/2017\/05\/20170505_120845.jpg'><img loading=\"lazy\" decoding=\"async\" width=\"150\" height=\"150\" src=\"https:\/\/blogsaverroes.juntadeandalucia.es\/marargentea\/files\/2017\/05\/20170505_120845-150x150.jpg\" class=\"attachment-thumbnail size-thumbnail\" alt=\"\" srcset=\"https:\/\/blogsaverroes.juntadeandalucia.es\/marargentea\/files\/2017\/05\/20170505_120845-150x150.jpg 150w, https:\/\/blogsaverroes.juntadeandalucia.es\/marargentea\/files\/2017\/05\/20170505_120845-100x100.jpg 100w\" sizes=\"(max-width: 150px) 100vw, 150px\" \/><\/a>\n\t\t\t<\/div><\/figure><figure class='gallery-item'>\n\t\t\t<div class='gallery-icon landscape'>\n\t\t\t\t<a href='https:\/\/blogsaverroes.juntadeandalucia.es\/marargentea\/files\/2017\/05\/20170505_111614.jpg'><img loading=\"lazy\" decoding=\"async\" width=\"150\" height=\"150\" src=\"https:\/\/blogsaverroes.juntadeandalucia.es\/marargentea\/files\/2017\/05\/20170505_111614-150x150.jpg\" class=\"attachment-thumbnail size-thumbnail\" alt=\"\" aria-describedby=\"gallery-1-2160\" srcset=\"https:\/\/blogsaverroes.juntadeandalucia.es\/marargentea\/files\/2017\/05\/20170505_111614-150x150.jpg 150w, https:\/\/blogsaverroes.juntadeandalucia.es\/marargentea\/files\/2017\/05\/20170505_111614-100x100.jpg 100w\" sizes=\"(max-width: 150px) 100vw, 150px\" \/><\/a>\n\t\t\t<\/div>\n\t\t\t\t<figcaption class='wp-caption-text gallery-caption' id='gallery-1-2160'>\n\t\t\t\tImpresoras en 3D\n\t\t\t\t<\/figcaption><\/figure><figure class='gallery-item'>\n\t\t\t<div class='gallery-icon landscape'>\n\t\t\t\t<a href='https:\/\/blogsaverroes.juntadeandalucia.es\/marargentea\/files\/2017\/05\/20170505_110504.jpg'><img loading=\"lazy\" decoding=\"async\" width=\"150\" height=\"150\" src=\"https:\/\/blogsaverroes.juntadeandalucia.es\/marargentea\/files\/2017\/05\/20170505_110504-150x150.jpg\" class=\"attachment-thumbnail size-thumbnail\" alt=\"\" srcset=\"https:\/\/blogsaverroes.juntadeandalucia.es\/marargentea\/files\/2017\/05\/20170505_110504-150x150.jpg 150w, https:\/\/blogsaverroes.juntadeandalucia.es\/marargentea\/files\/2017\/05\/20170505_110504-100x100.jpg 100w\" sizes=\"(max-width: 150px) 100vw, 150px\" \/><\/a>\n\t\t\t<\/div><\/figure><figure class='gallery-item'>\n\t\t\t<div class='gallery-icon landscape'>\n\t\t\t\t<a href='https:\/\/blogsaverroes.juntadeandalucia.es\/marargentea\/files\/2017\/05\/20170505_122846.jpg'><img loading=\"lazy\" decoding=\"async\" width=\"150\" height=\"150\" src=\"https:\/\/blogsaverroes.juntadeandalucia.es\/marargentea\/files\/2017\/05\/20170505_122846-150x150.jpg\" class=\"attachment-thumbnail size-thumbnail\" alt=\"\" aria-describedby=\"gallery-1-2165\" srcset=\"https:\/\/blogsaverroes.juntadeandalucia.es\/marargentea\/files\/2017\/05\/20170505_122846-150x150.jpg 150w, https:\/\/blogsaverroes.juntadeandalucia.es\/marargentea\/files\/2017\/05\/20170505_122846-100x100.jpg 100w\" sizes=\"(max-width: 150px) 100vw, 150px\" \/><\/a>\n\t\t\t<\/div>\n\t\t\t\t<figcaption class='wp-caption-text gallery-caption' id='gallery-1-2165'>\n\t\t\t\tLa maestra Isabela ense\u00f1ando la realidad aumentada a una alumna de otro Centro.\n\t\t\t\t<\/figcaption><\/figure><figure class='gallery-item'>\n\t\t\t<div class='gallery-icon landscape'>\n\t\t\t\t<a href='https:\/\/blogsaverroes.juntadeandalucia.es\/marargentea\/files\/2017\/05\/20170505_110142.jpg'><img loading=\"lazy\" decoding=\"async\" width=\"150\" height=\"150\" src=\"https:\/\/blogsaverroes.juntadeandalucia.es\/marargentea\/files\/2017\/05\/20170505_110142-150x150.jpg\" class=\"attachment-thumbnail size-thumbnail\" alt=\"\" srcset=\"https:\/\/blogsaverroes.juntadeandalucia.es\/marargentea\/files\/2017\/05\/20170505_110142-150x150.jpg 150w, https:\/\/blogsaverroes.juntadeandalucia.es\/marargentea\/files\/2017\/05\/20170505_110142-100x100.jpg 100w\" sizes=\"(max-width: 150px) 100vw, 150px\" \/><\/a>\n\t\t\t<\/div><\/figure><figure class='gallery-item'>\n\t\t\t<div class='gallery-icon landscape'>\n\t\t\t\t<a href='https:\/\/blogsaverroes.juntadeandalucia.es\/marargentea\/files\/2017\/05\/20170505_110226.jpg'><img loading=\"lazy\" decoding=\"async\" width=\"150\" height=\"150\" src=\"https:\/\/blogsaverroes.juntadeandalucia.es\/marargentea\/files\/2017\/05\/20170505_110226-150x150.jpg\" class=\"attachment-thumbnail size-thumbnail\" alt=\"\" srcset=\"https:\/\/blogsaverroes.juntadeandalucia.es\/marargentea\/files\/2017\/05\/20170505_110226-150x150.jpg 150w, https:\/\/blogsaverroes.juntadeandalucia.es\/marargentea\/files\/2017\/05\/20170505_110226-100x100.jpg 100w\" sizes=\"(max-width: 150px) 100vw, 150px\" \/><\/a>\n\t\t\t<\/div><\/figure>\n\t\t<\/div>\n\n<p>&nbsp; &nbsp;<\/p>\n<p>&nbsp;<\/p>\n<!--themify_builder_content-->\n<div id=\"themify_builder_content-2153\" data-postid=\"2153\" class=\"themify_builder_content themify_builder_content-2153 themify_builder tf_clear\">\n    <\/div>\n<!--\/themify_builder_content-->\n","protected":false},"excerpt":{"rendered":"<p>Curso 2016-17 El CEIP Mar Argentea tuvo el honor de participar en la presente edici\u00f3n de Expoeducaci\u00f3n, a la que acudieron varios centros de diversas etapas de la provincia de M\u00e1laga para dar a conocer sus novedosas formas de trabajo. &nbsp; &nbsp; &nbsp; &nbsp;<\/p>\n","protected":false},"author":4610,"featured_media":0,"comment_status":"open","ping_status":"open","sticky":false,"template":"","format":"standard","meta":{"ngg_post_thumbnail":0,"footnotes":""},"categories":[1155609],"tags":[458687,1155599,1155210],"aioseo_notices":[],"_links":{"self":[{"href":"https:\/\/blogsaverroes.juntadeandalucia.es\/marargentea\/wp-json\/wp\/v2\/posts\/2153"}],"collection":[{"href":"https:\/\/blogsaverroes.juntadeandalucia.es\/marargentea\/wp-json\/wp\/v2\/posts"}],"about":[{"href":"https:\/\/blogsaverroes.juntadeandalucia.es\/marargentea\/wp-json\/wp\/v2\/types\/post"}],"author":[{"embeddable":true,"href":"https:\/\/blogsaverroes.juntadeandalucia.es\/marargentea\/wp-json\/wp\/v2\/users\/4610"}],"replies":[{"embeddable":true,"href":"https:\/\/blogsaverroes.juntadeandalucia.es\/marargentea\/wp-json\/wp\/v2\/comments?post=2153"}],"version-history":[{"count":11,"href":"https:\/\/blogsaverroes.juntadeandalucia.es\/marargentea\/wp-json\/wp\/v2\/posts\/2153\/revisions"}],"predecessor-version":[{"id":3183,"href":"https:\/\/blogsaverroes.juntadeandalucia.es\/marargentea\/wp-json\/wp\/v2\/posts\/2153\/revisions\/3183"}],"wp:attachment":[{"href":"https:\/\/blogsaverroes.juntadeandalucia.es\/marargentea\/wp-json\/wp\/v2\/media?parent=2153"}],"wp:term":[{"taxonomy":"category","embeddable":true,"href":"https:\/\/blogsaverroes.juntadeandalucia.es\/marargentea\/wp-json\/wp\/v2\/categories?post=2153"},{"taxonomy":"post_tag","embeddable":true,"href":"https:\/\/blogsaverroes.juntadeandalucia.es\/marargentea\/wp-json\/wp\/v2\/tags?post=2153"}],"curies":[{"name":"wp","href":"https:\/\/api.w.org\/{rel}","templated":true}]}}