{"id":3207,"date":"2018-02-23T00:18:56","date_gmt":"2018-02-23T00:18:56","guid":{"rendered":"http:\/\/blogsaverroes.juntadeandalucia.es\/marargentea\/?p=3207"},"modified":"2020-12-13T00:32:20","modified_gmt":"2020-12-13T00:32:20","slug":"desayuno-andaluz","status":"publish","type":"post","link":"https:\/\/blogsaverroes.juntadeandalucia.es\/marargentea\/2018\/02\/23\/desayuno-andaluz\/","title":{"rendered":"Desayuno Andaluz"},"content":{"rendered":"<h3>Curso 2017-18<\/h3>\n<h4 style=\"text-align: center\">Con motivo de la celebraci\u00f3n del D\u00eda de Andaluc\u00eda, todo el alumnado del Centro tuvo la oportunidad de degustar un riqu\u00edsimo desayuno andaluz, gracias a la colaboraci\u00f3n del AMPA.<\/h4>\n<p>&nbsp;<\/p>\n<div id='gallery-1' class='gallery galleryid-3207 gallery-columns-7 gallery-size-thumbnail'><figure class='gallery-item'>\n\t\t\t<div class='gallery-icon landscape'>\n\t\t\t\t<a href='https:\/\/blogsaverroes.juntadeandalucia.es\/marargentea\/files\/2015\/03\/IMG_20180223_124300.jpg'><img loading=\"lazy\" decoding=\"async\" width=\"150\" height=\"150\" src=\"https:\/\/blogsaverroes.juntadeandalucia.es\/marargentea\/files\/2015\/03\/IMG_20180223_124300-150x150.jpg\" class=\"attachment-thumbnail size-thumbnail\" alt=\"\" srcset=\"https:\/\/blogsaverroes.juntadeandalucia.es\/marargentea\/files\/2015\/03\/IMG_20180223_124300-150x150.jpg 150w, https:\/\/blogsaverroes.juntadeandalucia.es\/marargentea\/files\/2015\/03\/IMG_20180223_124300-100x100.jpg 100w\" sizes=\"(max-width: 150px) 100vw, 150px\" \/><\/a>\n\t\t\t<\/div><\/figure><figure class='gallery-item'>\n\t\t\t<div class='gallery-icon landscape'>\n\t\t\t\t<a href='https:\/\/blogsaverroes.juntadeandalucia.es\/marargentea\/files\/2015\/03\/IMG_20180223_114649.jpg'><img loading=\"lazy\" decoding=\"async\" width=\"150\" height=\"150\" src=\"https:\/\/blogsaverroes.juntadeandalucia.es\/marargentea\/files\/2015\/03\/IMG_20180223_114649-150x150.jpg\" class=\"attachment-thumbnail size-thumbnail\" alt=\"\" srcset=\"https:\/\/blogsaverroes.juntadeandalucia.es\/marargentea\/files\/2015\/03\/IMG_20180223_114649-150x150.jpg 150w, https:\/\/blogsaverroes.juntadeandalucia.es\/marargentea\/files\/2015\/03\/IMG_20180223_114649-100x100.jpg 100w\" sizes=\"(max-width: 150px) 100vw, 150px\" \/><\/a>\n\t\t\t<\/div><\/figure><figure class='gallery-item'>\n\t\t\t<div class='gallery-icon landscape'>\n\t\t\t\t<a href='https:\/\/blogsaverroes.juntadeandalucia.es\/marargentea\/files\/2015\/03\/IMG_20180223_114316.jpg'><img loading=\"lazy\" decoding=\"async\" width=\"150\" height=\"150\" src=\"https:\/\/blogsaverroes.juntadeandalucia.es\/marargentea\/files\/2015\/03\/IMG_20180223_114316-150x150.jpg\" class=\"attachment-thumbnail size-thumbnail\" alt=\"\" srcset=\"https:\/\/blogsaverroes.juntadeandalucia.es\/marargentea\/files\/2015\/03\/IMG_20180223_114316-150x150.jpg 150w, https:\/\/blogsaverroes.juntadeandalucia.es\/marargentea\/files\/2015\/03\/IMG_20180223_114316-100x100.jpg 100w\" sizes=\"(max-width: 150px) 100vw, 150px\" \/><\/a>\n\t\t\t<\/div><\/figure><figure class='gallery-item'>\n\t\t\t<div class='gallery-icon landscape'>\n\t\t\t\t<a href='https:\/\/blogsaverroes.juntadeandalucia.es\/marargentea\/files\/2015\/03\/IMG_20180223_112548.jpg'><img loading=\"lazy\" decoding=\"async\" width=\"150\" height=\"150\" src=\"https:\/\/blogsaverroes.juntadeandalucia.es\/marargentea\/files\/2015\/03\/IMG_20180223_112548-150x150.jpg\" class=\"attachment-thumbnail size-thumbnail\" alt=\"\" srcset=\"https:\/\/blogsaverroes.juntadeandalucia.es\/marargentea\/files\/2015\/03\/IMG_20180223_112548-150x150.jpg 150w, https:\/\/blogsaverroes.juntadeandalucia.es\/marargentea\/files\/2015\/03\/IMG_20180223_112548-100x100.jpg 100w\" sizes=\"(max-width: 150px) 100vw, 150px\" \/><\/a>\n\t\t\t<\/div><\/figure><figure class='gallery-item'>\n\t\t\t<div class='gallery-icon landscape'>\n\t\t\t\t<a href='https:\/\/blogsaverroes.juntadeandalucia.es\/marargentea\/files\/2015\/03\/IMG_20180223_112652.jpg'><img loading=\"lazy\" decoding=\"async\" width=\"150\" height=\"150\" src=\"https:\/\/blogsaverroes.juntadeandalucia.es\/marargentea\/files\/2015\/03\/IMG_20180223_112652-150x150.jpg\" class=\"attachment-thumbnail size-thumbnail\" alt=\"\" srcset=\"https:\/\/blogsaverroes.juntadeandalucia.es\/marargentea\/files\/2015\/03\/IMG_20180223_112652-150x150.jpg 150w, https:\/\/blogsaverroes.juntadeandalucia.es\/marargentea\/files\/2015\/03\/IMG_20180223_112652-100x100.jpg 100w\" sizes=\"(max-width: 150px) 100vw, 150px\" \/><\/a>\n\t\t\t<\/div><\/figure><figure class='gallery-item'>\n\t\t\t<div class='gallery-icon landscape'>\n\t\t\t\t<a href='https:\/\/blogsaverroes.juntadeandalucia.es\/marargentea\/files\/2015\/03\/IMG_20180223_114306.jpg'><img loading=\"lazy\" decoding=\"async\" width=\"150\" height=\"150\" src=\"https:\/\/blogsaverroes.juntadeandalucia.es\/marargentea\/files\/2015\/03\/IMG_20180223_114306-150x150.jpg\" class=\"attachment-thumbnail size-thumbnail\" alt=\"\" srcset=\"https:\/\/blogsaverroes.juntadeandalucia.es\/marargentea\/files\/2015\/03\/IMG_20180223_114306-150x150.jpg 150w, https:\/\/blogsaverroes.juntadeandalucia.es\/marargentea\/files\/2015\/03\/IMG_20180223_114306-100x100.jpg 100w\" sizes=\"(max-width: 150px) 100vw, 150px\" \/><\/a>\n\t\t\t<\/div><\/figure><figure class='gallery-item'>\n\t\t\t<div class='gallery-icon landscape'>\n\t\t\t\t<a href='https:\/\/blogsaverroes.juntadeandalucia.es\/marargentea\/files\/2015\/03\/IMG_20180223_112937.jpg'><img loading=\"lazy\" decoding=\"async\" width=\"150\" height=\"150\" src=\"https:\/\/blogsaverroes.juntadeandalucia.es\/marargentea\/files\/2015\/03\/IMG_20180223_112937-150x150.jpg\" class=\"attachment-thumbnail size-thumbnail\" alt=\"\" srcset=\"https:\/\/blogsaverroes.juntadeandalucia.es\/marargentea\/files\/2015\/03\/IMG_20180223_112937-150x150.jpg 150w, https:\/\/blogsaverroes.juntadeandalucia.es\/marargentea\/files\/2015\/03\/IMG_20180223_112937-100x100.jpg 100w\" sizes=\"(max-width: 150px) 100vw, 150px\" \/><\/a>\n\t\t\t<\/div><\/figure>\n\t\t<\/div>\n\n<!--themify_builder_content-->\n<div id=\"themify_builder_content-3207\" data-postid=\"3207\" class=\"themify_builder_content themify_builder_content-3207 themify_builder tf_clear\">\n    <\/div>\n<!--\/themify_builder_content-->\n","protected":false},"excerpt":{"rendered":"<p>Curso 2017-18 Con motivo de la celebraci\u00f3n del D\u00eda de Andaluc\u00eda, todo el alumnado del Centro tuvo la oportunidad de degustar un riqu\u00edsimo desayuno andaluz, gracias a la colaboraci\u00f3n del AMPA. &nbsp;<\/p>\n","protected":false},"author":4610,"featured_media":0,"comment_status":"open","ping_status":"open","sticky":false,"template":"","format":"standard","meta":{"ngg_post_thumbnail":0,"footnotes":""},"categories":[1155609],"tags":[],"aioseo_notices":[],"_links":{"self":[{"href":"https:\/\/blogsaverroes.juntadeandalucia.es\/marargentea\/wp-json\/wp\/v2\/posts\/3207"}],"collection":[{"href":"https:\/\/blogsaverroes.juntadeandalucia.es\/marargentea\/wp-json\/wp\/v2\/posts"}],"about":[{"href":"https:\/\/blogsaverroes.juntadeandalucia.es\/marargentea\/wp-json\/wp\/v2\/types\/post"}],"author":[{"embeddable":true,"href":"https:\/\/blogsaverroes.juntadeandalucia.es\/marargentea\/wp-json\/wp\/v2\/users\/4610"}],"replies":[{"embeddable":true,"href":"https:\/\/blogsaverroes.juntadeandalucia.es\/marargentea\/wp-json\/wp\/v2\/comments?post=3207"}],"version-history":[{"count":4,"href":"https:\/\/blogsaverroes.juntadeandalucia.es\/marargentea\/wp-json\/wp\/v2\/posts\/3207\/revisions"}],"predecessor-version":[{"id":3217,"href":"https:\/\/blogsaverroes.juntadeandalucia.es\/marargentea\/wp-json\/wp\/v2\/posts\/3207\/revisions\/3217"}],"wp:attachment":[{"href":"https:\/\/blogsaverroes.juntadeandalucia.es\/marargentea\/wp-json\/wp\/v2\/media?parent=3207"}],"wp:term":[{"taxonomy":"category","embeddable":true,"href":"https:\/\/blogsaverroes.juntadeandalucia.es\/marargentea\/wp-json\/wp\/v2\/categories?post=3207"},{"taxonomy":"post_tag","embeddable":true,"href":"https:\/\/blogsaverroes.juntadeandalucia.es\/marargentea\/wp-json\/wp\/v2\/tags?post=3207"}],"curies":[{"name":"wp","href":"https:\/\/api.w.org\/{rel}","templated":true}]}}