{"id":4871,"date":"2025-05-28T10:05:12","date_gmt":"2025-05-28T10:05:12","guid":{"rendered":"http:\/\/blogsaverroes.juntadeandalucia.es\/marargentea\/?p=4871"},"modified":"2025-05-28T17:11:04","modified_gmt":"2025-05-28T17:11:04","slug":"4871","status":"publish","type":"post","link":"https:\/\/blogsaverroes.juntadeandalucia.es\/marargentea\/2025\/05\/28\/4871\/","title":{"rendered":"Matriculaci\u00f3n del alumnado: Curso 2025\/26"},"content":{"rendered":"<p style=\"text-align: justify\">Estimadas familias:<\/p>\n<p style=\"text-align: justify\">Les recordamos que, como en a\u00f1os anteriores,<strong> todo el alumnado<\/strong> de este centro, as\u00ed como el que accede por primera vez, deber\u00e1 formalizar su matr\u00edcula para el curso 2025\/2026 desde el <strong>d\u00eda<\/strong> <strong>1 hasta el d\u00eda 9 de junio (ambos incluidos).<\/strong><\/p>\n<p style=\"text-align: justify\">Desde el centro se ha elaborado un documento explicativo de como realizar la matriculaci\u00f3n, as\u00ed como informaci\u00f3n complementaria de utilidad:<\/p>\n<table style=\"border-collapse: collapse;width: 100%;height: 164px\">\n<tbody>\n<tr style=\"height: 164px\">\n<td style=\"width: 33.3333%;height: 164px\"><a href=\"https:\/\/drive.google.com\/file\/d\/1dVj82dtFB_MKhHTEiogPrAvKeCMWE4W0\/view?usp=sharing\" target=\"_blank\" rel=\"noopener\"><img loading=\"lazy\" decoding=\"async\" class=\"aligncenter size-thumbnail wp-image-5851\" src=\"https:\/\/blogsaverroes.juntadeandalucia.es\/marargentea\/files\/2025\/05\/WhatsApp-Image-2025-05-28-at-18.48.26-150x150.jpeg\" alt=\"\" width=\"150\" height=\"150\" srcset=\"https:\/\/blogsaverroes.juntadeandalucia.es\/marargentea\/files\/2025\/05\/WhatsApp-Image-2025-05-28-at-18.48.26-150x150.jpeg 150w, https:\/\/blogsaverroes.juntadeandalucia.es\/marargentea\/files\/2025\/05\/WhatsApp-Image-2025-05-28-at-18.48.26-300x300.jpeg 300w, https:\/\/blogsaverroes.juntadeandalucia.es\/marargentea\/files\/2025\/05\/WhatsApp-Image-2025-05-28-at-18.48.26-768x768.jpeg 768w, https:\/\/blogsaverroes.juntadeandalucia.es\/marargentea\/files\/2025\/05\/WhatsApp-Image-2025-05-28-at-18.48.26.jpeg 1024w\" sizes=\"(max-width: 150px) 100vw, 150px\" \/><\/a><\/td>\n<td style=\"width: 33.3333%;height: 164px\"><a href=\"https:\/\/drive.google.com\/file\/d\/1oIhpFgld4j0EXA3MsXdpcsG4LWt-Kvuk\/view?usp=share_link\" target=\"_blank\" rel=\"noopener noreferrer\"><img loading=\"lazy\" decoding=\"async\" class=\"aligncenter wp-image-4878\" src=\"https:\/\/blogsaverroes.juntadeandalucia.es\/marargentea\/files\/2023\/05\/Iconos_Enlaces-150x150.jpg\" alt=\"\" width=\"120\" height=\"120\"><\/a><\/td>\n<td style=\"width: 33.3333%;height: 164px\"><a href=\"https:\/\/www.juntadeandalucia.es\/educacion\/secretariavirtual\/solicitudes\/\" target=\"_blank\" rel=\"noopener noreferrer\"><img loading=\"lazy\" decoding=\"async\" class=\"aligncenter wp-image-3771\" src=\"https:\/\/blogsaverroes.juntadeandalucia.es\/marargentea\/files\/2021\/05\/Matric.jpg\" alt=\"\" width=\"140\" height=\"164\" srcset=\"https:\/\/blogsaverroes.juntadeandalucia.es\/marargentea\/files\/2021\/05\/Matric.jpg 1364w, https:\/\/blogsaverroes.juntadeandalucia.es\/marargentea\/files\/2021\/05\/Matric-256x300.jpg 256w, https:\/\/blogsaverroes.juntadeandalucia.es\/marargentea\/files\/2021\/05\/Matric-873x1024.jpg 873w, https:\/\/blogsaverroes.juntadeandalucia.es\/marargentea\/files\/2021\/05\/Matric-768x901.jpg 768w, https:\/\/blogsaverroes.juntadeandalucia.es\/marargentea\/files\/2021\/05\/Matric-1310x1536.jpg 1310w\" sizes=\"(max-width: 140px) 100vw, 140px\" \/><\/a><\/td>\n<\/tr>\n<\/tbody>\n<\/table>\n","protected":false},"excerpt":{"rendered":"<p>Estimadas familias: Les recordamos que, como en a\u00f1os anteriores, todo el alumnado de este centro, as\u00ed como el que accede por primera vez, deber\u00e1 formalizar su matr\u00edcula para el curso 2025\/2026 desde el d\u00eda 1 hasta el d\u00eda 9 de junio (ambos incluidos). Desde el centro se ha elaborado un documento explicativo de como realizar [&hellip;]<\/p>\n","protected":false},"author":13530,"featured_media":0,"comment_status":"closed","ping_status":"open","sticky":false,"template":"","format":"standard","meta":{"ngg_post_thumbnail":0,"footnotes":""},"categories":[1155620,526],"tags":[],"aioseo_notices":[],"_links":{"self":[{"href":"https:\/\/blogsaverroes.juntadeandalucia.es\/marargentea\/wp-json\/wp\/v2\/posts\/4871"}],"collection":[{"href":"https:\/\/blogsaverroes.juntadeandalucia.es\/marargentea\/wp-json\/wp\/v2\/posts"}],"about":[{"href":"https:\/\/blogsaverroes.juntadeandalucia.es\/marargentea\/wp-json\/wp\/v2\/types\/post"}],"author":[{"embeddable":true,"href":"https:\/\/blogsaverroes.juntadeandalucia.es\/marargentea\/wp-json\/wp\/v2\/users\/13530"}],"replies":[{"embeddable":true,"href":"https:\/\/blogsaverroes.juntadeandalucia.es\/marargentea\/wp-json\/wp\/v2\/comments?post=4871"}],"version-history":[{"count":25,"href":"https:\/\/blogsaverroes.juntadeandalucia.es\/marargentea\/wp-json\/wp\/v2\/posts\/4871\/revisions"}],"predecessor-version":[{"id":5853,"href":"https:\/\/blogsaverroes.juntadeandalucia.es\/marargentea\/wp-json\/wp\/v2\/posts\/4871\/revisions\/5853"}],"wp:attachment":[{"href":"https:\/\/blogsaverroes.juntadeandalucia.es\/marargentea\/wp-json\/wp\/v2\/media?parent=4871"}],"wp:term":[{"taxonomy":"category","embeddable":true,"href":"https:\/\/blogsaverroes.juntadeandalucia.es\/marargentea\/wp-json\/wp\/v2\/categories?post=4871"},{"taxonomy":"post_tag","embeddable":true,"href":"https:\/\/blogsaverroes.juntadeandalucia.es\/marargentea\/wp-json\/wp\/v2\/tags?post=4871"}],"curies":[{"name":"wp","href":"https:\/\/api.w.org\/{rel}","templated":true}]}}