{"id":7987,"date":"2023-12-09T09:41:32","date_gmt":"2023-12-09T09:41:32","guid":{"rendered":"https:\/\/blogsaverroes.juntadeandalucia.es\/margaritasalasies\/?p=7987"},"modified":"2023-12-09T09:41:48","modified_gmt":"2023-12-09T09:41:48","slug":"beca-6000","status":"publish","type":"post","link":"https:\/\/blogsaverroes.juntadeandalucia.es\/margaritasalasies\/beca-6000\/","title":{"rendered":"Solicitud BECA  6000"},"content":{"rendered":"<p>Con fecha 05\/12\/2023<b><span style=\"color: #ff0000\">&nbsp;<\/span><\/b>se ha publicado en el Bolet\u00edn Oficial de la Junta de Andaluc\u00eda la Resoluci\u00f3n de 27 de noviembre de 2023, de la Direcci\u00f3n General de Ordenaci\u00f3n, Inclusi\u00f3n, Participaci\u00f3n y Evaluaci\u00f3n Educativa, por la que se efect\u00faa la convocatoria p\u00fablica de la Beca 6000, dirigida a facilitar la permanencia en el Sistema Educativo del alumnado de Bachillerato o de Ciclos Formativos de Grado Medio de Formaci\u00f3n Profesional Inicial para el curso escolar 2023\/2024.<\/p>\n<p><strong>El plazo de presentaci\u00f3n de solicitudes ser\u00e1<span style=\"color: #00ff40\"><span style=\"color: #ff0000\">&nbsp;<\/span><\/span>del&nbsp;6 de diciembre de 2023 al 5 de enero de 2024.<\/strong><\/p>\n<p><strong>IMPORTANTE:&nbsp;<\/strong>En relaci\u00f3n al alta de la cuenta corriente consignada en la solicitud, se informa que para la BECA 6000 no es necesario realizarlo a trav\u00e9s de la Secretar\u00eda Virtual de la Consejer\u00eda, dado que la propia solicitud contempla ese tr\u00e1mite en el apartado 3.<\/p>\n<p>M\u00e1s informaci\u00f3n en el siguiente enlace:<\/p>\n<p><a href=\"https:\/\/www.juntadeandalucia.es\/educacion\/portals\/web\/becas-y-ayudas\/beca-6000\/impresos\">https:\/\/www.juntadeandalucia.es\/educacion\/portals\/web\/becas-y-ayudas\/beca-6000\/impresos<\/a><\/p>\n<p><img loading=\"lazy\" decoding=\"async\" class=\"alignnone size-full wp-image-7988\" src=\"https:\/\/blogsaverroes.juntadeandalucia.es\/margaritasalasies\/files\/2023\/12\/Captura.png\" alt=\"\" width=\"1033\" height=\"419\" srcset=\"https:\/\/blogsaverroes.juntadeandalucia.es\/margaritasalasies\/files\/2023\/12\/Captura.png 1033w, https:\/\/blogsaverroes.juntadeandalucia.es\/margaritasalasies\/files\/2023\/12\/Captura-300x122.png 300w, https:\/\/blogsaverroes.juntadeandalucia.es\/margaritasalasies\/files\/2023\/12\/Captura-1024x415.png 1024w, https:\/\/blogsaverroes.juntadeandalucia.es\/margaritasalasies\/files\/2023\/12\/Captura-768x312.png 768w, https:\/\/blogsaverroes.juntadeandalucia.es\/margaritasalasies\/files\/2023\/12\/Captura-700x284.png 700w\" sizes=\"(max-width: 767px) 89vw, (max-width: 1000px) 54vw, (max-width: 1071px) 543px, 580px\" \/><\/p>\n","protected":false},"excerpt":{"rendered":"<p>Con fecha 05\/12\/2023&nbsp;se ha publicado en el Bolet\u00edn Oficial de la Junta de Andaluc\u00eda la Resoluci\u00f3n de 27 de noviembre de 2023, de la Direcci\u00f3n General de Ordenaci\u00f3n, Inclusi\u00f3n, Participaci\u00f3n y Evaluaci\u00f3n Educativa, por la que se efect\u00faa la convocatoria p\u00fablica de la Beca 6000, dirigida a facilitar la permanencia en el Sistema Educativo del &hellip; <\/p>\n<p class=\"link-more\"><a href=\"https:\/\/blogsaverroes.juntadeandalucia.es\/margaritasalasies\/beca-6000\/\" class=\"more-link\">Continuar leyendo<span class=\"screen-reader-text\"> \u00abSolicitud BECA  6000\u00bb<\/span><\/a><\/p>\n","protected":false},"author":4184,"featured_media":0,"comment_status":"open","ping_status":"open","sticky":false,"template":"","format":"image","meta":{"ngg_post_thumbnail":0,"footnotes":""},"categories":[307392],"tags":[],"aioseo_notices":[],"_links":{"self":[{"href":"https:\/\/blogsaverroes.juntadeandalucia.es\/margaritasalasies\/wp-json\/wp\/v2\/posts\/7987"}],"collection":[{"href":"https:\/\/blogsaverroes.juntadeandalucia.es\/margaritasalasies\/wp-json\/wp\/v2\/posts"}],"about":[{"href":"https:\/\/blogsaverroes.juntadeandalucia.es\/margaritasalasies\/wp-json\/wp\/v2\/types\/post"}],"author":[{"embeddable":true,"href":"https:\/\/blogsaverroes.juntadeandalucia.es\/margaritasalasies\/wp-json\/wp\/v2\/users\/4184"}],"replies":[{"embeddable":true,"href":"https:\/\/blogsaverroes.juntadeandalucia.es\/margaritasalasies\/wp-json\/wp\/v2\/comments?post=7987"}],"version-history":[{"count":2,"href":"https:\/\/blogsaverroes.juntadeandalucia.es\/margaritasalasies\/wp-json\/wp\/v2\/posts\/7987\/revisions"}],"predecessor-version":[{"id":7990,"href":"https:\/\/blogsaverroes.juntadeandalucia.es\/margaritasalasies\/wp-json\/wp\/v2\/posts\/7987\/revisions\/7990"}],"wp:attachment":[{"href":"https:\/\/blogsaverroes.juntadeandalucia.es\/margaritasalasies\/wp-json\/wp\/v2\/media?parent=7987"}],"wp:term":[{"taxonomy":"category","embeddable":true,"href":"https:\/\/blogsaverroes.juntadeandalucia.es\/margaritasalasies\/wp-json\/wp\/v2\/categories?post=7987"},{"taxonomy":"post_tag","embeddable":true,"href":"https:\/\/blogsaverroes.juntadeandalucia.es\/margaritasalasies\/wp-json\/wp\/v2\/tags?post=7987"}],"curies":[{"name":"wp","href":"https:\/\/api.w.org\/{rel}","templated":true}]}}