{"id":8523,"date":"2024-04-16T17:28:27","date_gmt":"2024-04-16T17:28:27","guid":{"rendered":"https:\/\/blogsaverroes.juntadeandalucia.es\/margaritasalasies\/?p=8523"},"modified":"2024-04-16T17:36:40","modified_gmt":"2024-04-16T17:36:40","slug":"8523-2","status":"publish","type":"post","link":"https:\/\/blogsaverroes.juntadeandalucia.es\/margaritasalasies\/8523-2\/","title":{"rendered":"Visita a la Facultad de Marketing y Gesti\u00f3n de la UMA"},"content":{"rendered":"<p>El alumnado de 1\u00ba de Bachillerato de Humanidades y Ciencias Sociales ha realizado el pasado jueves una visita a la Facultad de Marketing y Gesti\u00f3n de la Universidad de M\u00e1laga.<\/p>\n<p><img loading=\"lazy\" decoding=\"async\" class=\"alignnone size-full wp-image-8524\" src=\"https:\/\/blogsaverroes.juntadeandalucia.es\/margaritasalasies\/files\/2024\/04\/IMG-20240409-WA0000.jpg\" alt=\"\" width=\"1600\" height=\"757\" srcset=\"https:\/\/blogsaverroes.juntadeandalucia.es\/margaritasalasies\/files\/2024\/04\/IMG-20240409-WA0000.jpg 1600w, https:\/\/blogsaverroes.juntadeandalucia.es\/margaritasalasies\/files\/2024\/04\/IMG-20240409-WA0000-300x142.jpg 300w, https:\/\/blogsaverroes.juntadeandalucia.es\/margaritasalasies\/files\/2024\/04\/IMG-20240409-WA0000-1024x484.jpg 1024w, https:\/\/blogsaverroes.juntadeandalucia.es\/margaritasalasies\/files\/2024\/04\/IMG-20240409-WA0000-768x363.jpg 768w, https:\/\/blogsaverroes.juntadeandalucia.es\/margaritasalasies\/files\/2024\/04\/IMG-20240409-WA0000-1536x727.jpg 1536w, https:\/\/blogsaverroes.juntadeandalucia.es\/margaritasalasies\/files\/2024\/04\/IMG-20240409-WA0000-700x331.jpg 700w\" sizes=\"(max-width: 767px) 89vw, (max-width: 1000px) 54vw, (max-width: 1071px) 543px, 580px\" \/> <img loading=\"lazy\" decoding=\"async\" class=\"alignnone size-full wp-image-8525\" src=\"https:\/\/blogsaverroes.juntadeandalucia.es\/margaritasalasies\/files\/2024\/04\/IMG-20240409-WA0001.jpg\" alt=\"\" width=\"1600\" height=\"757\" srcset=\"https:\/\/blogsaverroes.juntadeandalucia.es\/margaritasalasies\/files\/2024\/04\/IMG-20240409-WA0001.jpg 1600w, https:\/\/blogsaverroes.juntadeandalucia.es\/margaritasalasies\/files\/2024\/04\/IMG-20240409-WA0001-300x142.jpg 300w, https:\/\/blogsaverroes.juntadeandalucia.es\/margaritasalasies\/files\/2024\/04\/IMG-20240409-WA0001-1024x484.jpg 1024w, https:\/\/blogsaverroes.juntadeandalucia.es\/margaritasalasies\/files\/2024\/04\/IMG-20240409-WA0001-768x363.jpg 768w, https:\/\/blogsaverroes.juntadeandalucia.es\/margaritasalasies\/files\/2024\/04\/IMG-20240409-WA0001-1536x727.jpg 1536w, https:\/\/blogsaverroes.juntadeandalucia.es\/margaritasalasies\/files\/2024\/04\/IMG-20240409-WA0001-700x331.jpg 700w\" sizes=\"(max-width: 767px) 89vw, (max-width: 1000px) 54vw, (max-width: 1071px) 543px, 580px\" \/> <img loading=\"lazy\" decoding=\"async\" class=\"alignnone size-full wp-image-8526\" src=\"https:\/\/blogsaverroes.juntadeandalucia.es\/margaritasalasies\/files\/2024\/04\/IMG-20240409-WA0002.jpg\" alt=\"\" width=\"1600\" height=\"1200\" srcset=\"https:\/\/blogsaverroes.juntadeandalucia.es\/margaritasalasies\/files\/2024\/04\/IMG-20240409-WA0002.jpg 1600w, https:\/\/blogsaverroes.juntadeandalucia.es\/margaritasalasies\/files\/2024\/04\/IMG-20240409-WA0002-300x225.jpg 300w, https:\/\/blogsaverroes.juntadeandalucia.es\/margaritasalasies\/files\/2024\/04\/IMG-20240409-WA0002-1024x768.jpg 1024w, https:\/\/blogsaverroes.juntadeandalucia.es\/margaritasalasies\/files\/2024\/04\/IMG-20240409-WA0002-768x576.jpg 768w, https:\/\/blogsaverroes.juntadeandalucia.es\/margaritasalasies\/files\/2024\/04\/IMG-20240409-WA0002-1536x1152.jpg 1536w, https:\/\/blogsaverroes.juntadeandalucia.es\/margaritasalasies\/files\/2024\/04\/IMG-20240409-WA0002-700x525.jpg 700w\" sizes=\"(max-width: 767px) 89vw, (max-width: 1000px) 54vw, (max-width: 1071px) 543px, 580px\" \/>En ella, tras conocer los espacios, se ha efectuado un taller-laboratorio sobre desarrollo econ\u00f3mico sostenible a cargo de los profesores Miguel \u00c1ngel Mel\u00e9ndez Jim\u00e9nez y Francisco Javier Rodero Cosano.<\/p>\n<p>Adem\u00e1s, ha tenido lugar una charla sobre salidas profesionales relacionadas con el \u00e1mbito econ\u00f3mico por parte de la vicedecana, Mar\u00eda Mercedes Rojas de Gracia. \u00a1Hemos pasado un d\u00eda maravilloso!<\/p>\n","protected":false},"excerpt":{"rendered":"<p>El alumnado de 1\u00ba de Bachillerato de Humanidades y Ciencias Sociales ha realizado el pasado jueves una visita a la Facultad de Marketing y Gesti\u00f3n de la Universidad de M\u00e1laga. En ella, tras conocer los espacios, se ha efectuado un taller-laboratorio sobre desarrollo econ\u00f3mico sostenible a cargo de los profesores Miguel \u00c1ngel Mel\u00e9ndez Jim\u00e9nez y &hellip; <\/p>\n<p class=\"link-more\"><a href=\"https:\/\/blogsaverroes.juntadeandalucia.es\/margaritasalasies\/8523-2\/\" class=\"more-link\">Continuar leyendo<span class=\"screen-reader-text\"> \u00abVisita a la Facultad de Marketing y Gesti\u00f3n de la UMA\u00bb<\/span><\/a><\/p>\n","protected":false},"author":4184,"featured_media":0,"comment_status":"open","ping_status":"open","sticky":false,"template":"","format":"image","meta":{"ngg_post_thumbnail":0,"footnotes":""},"categories":[5991],"tags":[],"aioseo_notices":[],"_links":{"self":[{"href":"https:\/\/blogsaverroes.juntadeandalucia.es\/margaritasalasies\/wp-json\/wp\/v2\/posts\/8523"}],"collection":[{"href":"https:\/\/blogsaverroes.juntadeandalucia.es\/margaritasalasies\/wp-json\/wp\/v2\/posts"}],"about":[{"href":"https:\/\/blogsaverroes.juntadeandalucia.es\/margaritasalasies\/wp-json\/wp\/v2\/types\/post"}],"author":[{"embeddable":true,"href":"https:\/\/blogsaverroes.juntadeandalucia.es\/margaritasalasies\/wp-json\/wp\/v2\/users\/4184"}],"replies":[{"embeddable":true,"href":"https:\/\/blogsaverroes.juntadeandalucia.es\/margaritasalasies\/wp-json\/wp\/v2\/comments?post=8523"}],"version-history":[{"count":2,"href":"https:\/\/blogsaverroes.juntadeandalucia.es\/margaritasalasies\/wp-json\/wp\/v2\/posts\/8523\/revisions"}],"predecessor-version":[{"id":8531,"href":"https:\/\/blogsaverroes.juntadeandalucia.es\/margaritasalasies\/wp-json\/wp\/v2\/posts\/8523\/revisions\/8531"}],"wp:attachment":[{"href":"https:\/\/blogsaverroes.juntadeandalucia.es\/margaritasalasies\/wp-json\/wp\/v2\/media?parent=8523"}],"wp:term":[{"taxonomy":"category","embeddable":true,"href":"https:\/\/blogsaverroes.juntadeandalucia.es\/margaritasalasies\/wp-json\/wp\/v2\/categories?post=8523"},{"taxonomy":"post_tag","embeddable":true,"href":"https:\/\/blogsaverroes.juntadeandalucia.es\/margaritasalasies\/wp-json\/wp\/v2\/tags?post=8523"}],"curies":[{"name":"wp","href":"https:\/\/api.w.org\/{rel}","templated":true}]}}