{"id":136,"date":"2020-06-11T16:51:15","date_gmt":"2020-06-11T14:51:15","guid":{"rendered":"https:\/\/blogsaverroes.juntadeandalucia.es\/mcarmencobos\/?p=136"},"modified":"2020-06-11T16:51:15","modified_gmt":"2020-06-11T14:51:15","slug":"social-butterfly","status":"publish","type":"post","link":"https:\/\/blogsaverroes.juntadeandalucia.es\/mcarmencobos\/social-butterfly\/","title":{"rendered":"Social butterfly"},"content":{"rendered":"<p>&nbsp; &nbsp; &nbsp; Hab\u00e9is pensado alguna vez lo delicadas que son las alas de una mariposa?conoc\u00e9is la asociaci\u00f3n&nbsp; <a href=\"https:\/\/www.pieldemariposa.es\/sobre-la-asociacion-debra-piel-de-mariposa\/\">Debra<\/a>?Os consider\u00e1is personas con fortaleza, fuerza, alta autoestima, valent\u00eda,&#8230;para afrontar todos los problemas de la vida? o en alguna ocasi\u00f3n hab\u00e9is necesitado el apoyo, el hombro, la llamada, la conversaci\u00f3n cara a cara, el whatsapp, la foto,&#8230;de alguien para ese momento dif\u00edcil de afrontar sol@?<\/p>\n<p>&nbsp; &nbsp; &nbsp; Todas las personas tienen en alguna parte de su cuerpo,la piel un poquito m\u00e1s delicada, donde hay que echarse m\u00e1s crema protectora, crema hidratante,&#8230;;todas las personas tenemos algo de \u00abmariposas\u00bb, tenemos alguna parte de nuestro interior m\u00e1s d\u00e9bil, m\u00e1s castigada,m\u00e1s da\u00f1ada, que necesita de la ayuda de l@s dem\u00e1s, de nuestr@s c\u00f3mplices y amig@s.<\/p>\n<p>&nbsp; &nbsp; &nbsp;Por ello, vamos a llenar nuestra aula de <a href=\"https:\/\/youtu.be\/UDzK6dztWbw\">butterflies<\/a>, y cada una de ellas, va a tener un cartelito con esa debilidad que tenemos, ese miedo, esa incertidumbre,&#8230;<\/p>\n<p>Empezamos?<\/p>\n","protected":false},"excerpt":{"rendered":"<p>&nbsp; &nbsp; &nbsp; Hab\u00e9is pensado alguna vez lo delicadas que son las alas de una mariposa?conoc\u00e9is la asociaci\u00f3n&nbsp; Debra?Os consider\u00e1is personas con fortaleza, fuerza, alta autoestima, valent\u00eda,&#8230;para afrontar todos los problemas de la vida?&#46;&#46;&#46;<\/p>\n","protected":false},"author":9978,"featured_media":0,"comment_status":"open","ping_status":"open","sticky":false,"template":"","format":"standard","meta":{"ngg_post_thumbnail":0,"footnotes":""},"categories":[12],"tags":[],"aioseo_notices":[],"_links":{"self":[{"href":"https:\/\/blogsaverroes.juntadeandalucia.es\/mcarmencobos\/wp-json\/wp\/v2\/posts\/136"}],"collection":[{"href":"https:\/\/blogsaverroes.juntadeandalucia.es\/mcarmencobos\/wp-json\/wp\/v2\/posts"}],"about":[{"href":"https:\/\/blogsaverroes.juntadeandalucia.es\/mcarmencobos\/wp-json\/wp\/v2\/types\/post"}],"author":[{"embeddable":true,"href":"https:\/\/blogsaverroes.juntadeandalucia.es\/mcarmencobos\/wp-json\/wp\/v2\/users\/9978"}],"replies":[{"embeddable":true,"href":"https:\/\/blogsaverroes.juntadeandalucia.es\/mcarmencobos\/wp-json\/wp\/v2\/comments?post=136"}],"version-history":[{"count":1,"href":"https:\/\/blogsaverroes.juntadeandalucia.es\/mcarmencobos\/wp-json\/wp\/v2\/posts\/136\/revisions"}],"predecessor-version":[{"id":137,"href":"https:\/\/blogsaverroes.juntadeandalucia.es\/mcarmencobos\/wp-json\/wp\/v2\/posts\/136\/revisions\/137"}],"wp:attachment":[{"href":"https:\/\/blogsaverroes.juntadeandalucia.es\/mcarmencobos\/wp-json\/wp\/v2\/media?parent=136"}],"wp:term":[{"taxonomy":"category","embeddable":true,"href":"https:\/\/blogsaverroes.juntadeandalucia.es\/mcarmencobos\/wp-json\/wp\/v2\/categories?post=136"},{"taxonomy":"post_tag","embeddable":true,"href":"https:\/\/blogsaverroes.juntadeandalucia.es\/mcarmencobos\/wp-json\/wp\/v2\/tags?post=136"}],"curies":[{"name":"wp","href":"https:\/\/api.w.org\/{rel}","templated":true}]}}