{"id":152,"date":"2020-08-19T11:13:44","date_gmt":"2020-08-19T09:13:44","guid":{"rendered":"https:\/\/blogsaverroes.juntadeandalucia.es\/mcarmencobos\/?p=152"},"modified":"2020-08-19T11:13:44","modified_gmt":"2020-08-19T09:13:44","slug":"bullying-christmas","status":"publish","type":"post","link":"https:\/\/blogsaverroes.juntadeandalucia.es\/mcarmencobos\/bullying-christmas\/","title":{"rendered":"bullying&#8230;Christmas!!!"},"content":{"rendered":"<p>&nbsp; &nbsp; &nbsp; Como profesora, me duele en el alma cuando veo que un alumno o una alumna no se sienten integrado\/a en el aula. Es parte fundamental para el aprendizaje que el alumnado se sienta c\u00f3modo, seguro, feliz en el aula, ello contribuir\u00e1 enormemente a conseguir todos sus objetivos en el centro educativo y en la vida diaria.<\/p>\n<p>&nbsp; &nbsp; &nbsp; Por ello quiero que ve\u00e1is este v\u00eddeo para ver qu\u00e9 f\u00e1cil es ayudar a que l@s dem\u00e1s que nos rodean sean felices y se sientan integrad@s. Tod@s somos diferentes y tod@s merecemos el mismo respeto.<\/p>\n<p>&nbsp; &nbsp; &nbsp; <a href=\"https:\/\/youtu.be\/mcWXvFC45hc\">Corto sobre bullying<\/a>. Youtube.<\/p>\n<p>&nbsp;<\/p>\n","protected":false},"excerpt":{"rendered":"<p>&nbsp; &nbsp; &nbsp; Como profesora, me duele en el alma cuando veo que un alumno o una alumna no se sienten integrado\/a en el aula. Es parte fundamental para el aprendizaje que el alumnado&#46;&#46;&#46;<\/p>\n","protected":false},"author":9978,"featured_media":0,"comment_status":"open","ping_status":"open","sticky":false,"template":"","format":"standard","meta":{"ngg_post_thumbnail":0,"footnotes":""},"categories":[12,13],"tags":[33,34],"aioseo_notices":[],"_links":{"self":[{"href":"https:\/\/blogsaverroes.juntadeandalucia.es\/mcarmencobos\/wp-json\/wp\/v2\/posts\/152"}],"collection":[{"href":"https:\/\/blogsaverroes.juntadeandalucia.es\/mcarmencobos\/wp-json\/wp\/v2\/posts"}],"about":[{"href":"https:\/\/blogsaverroes.juntadeandalucia.es\/mcarmencobos\/wp-json\/wp\/v2\/types\/post"}],"author":[{"embeddable":true,"href":"https:\/\/blogsaverroes.juntadeandalucia.es\/mcarmencobos\/wp-json\/wp\/v2\/users\/9978"}],"replies":[{"embeddable":true,"href":"https:\/\/blogsaverroes.juntadeandalucia.es\/mcarmencobos\/wp-json\/wp\/v2\/comments?post=152"}],"version-history":[{"count":1,"href":"https:\/\/blogsaverroes.juntadeandalucia.es\/mcarmencobos\/wp-json\/wp\/v2\/posts\/152\/revisions"}],"predecessor-version":[{"id":153,"href":"https:\/\/blogsaverroes.juntadeandalucia.es\/mcarmencobos\/wp-json\/wp\/v2\/posts\/152\/revisions\/153"}],"wp:attachment":[{"href":"https:\/\/blogsaverroes.juntadeandalucia.es\/mcarmencobos\/wp-json\/wp\/v2\/media?parent=152"}],"wp:term":[{"taxonomy":"category","embeddable":true,"href":"https:\/\/blogsaverroes.juntadeandalucia.es\/mcarmencobos\/wp-json\/wp\/v2\/categories?post=152"},{"taxonomy":"post_tag","embeddable":true,"href":"https:\/\/blogsaverroes.juntadeandalucia.es\/mcarmencobos\/wp-json\/wp\/v2\/tags?post=152"}],"curies":[{"name":"wp","href":"https:\/\/api.w.org\/{rel}","templated":true}]}}