{"id":154,"date":"2020-08-19T11:23:42","date_gmt":"2020-08-19T09:23:42","guid":{"rendered":"https:\/\/blogsaverroes.juntadeandalucia.es\/mcarmencobos\/?p=154"},"modified":"2020-08-19T11:23:42","modified_gmt":"2020-08-19T09:23:42","slug":"bullying","status":"publish","type":"post","link":"https:\/\/blogsaverroes.juntadeandalucia.es\/mcarmencobos\/bullying\/","title":{"rendered":"Bullying!!!"},"content":{"rendered":"<p>&nbsp; &nbsp; &nbsp; &nbsp;\u00bfQui\u00e9n dijo que la vida era f\u00e1cil?\u00bfhay momentos dif\u00edciles? \u00bfduros? La adolescencia es una etapa muy importante en que se tienen lugar muchos cambios f\u00edsicos y psicol\u00f3gicos. Por ello es necesario que nuestro alumnado se sienta en todo momento arropado por el profesorado, por las familias, por las amistades, as\u00ed ser\u00e1 m\u00e1s f\u00e1cil para ell@s esta etapa de la vida.<\/p>\n<p>&nbsp; &nbsp; &nbsp; En el instituto el alumnado pasa muchas horas del d\u00eda, y para conseguir los objetivos acad\u00e9micos en el centro el alumnado tiene que estar relajado, feliz, c\u00f3modo, sin miedos;todo esto contribuir\u00e1 a su desarrollo como persona.<\/p>\n<p>&nbsp; &nbsp; &nbsp; Por ello es necesario que toda la Comunidad Educativa mime, trate con cari\u00f1o a todo el alumnado. \u00a1\u00a1\u00a1\u00a1\u00a1As\u00ed ganamos tod@s!!!!!!<\/p>\n<p>&nbsp; &nbsp; &nbsp; En este v\u00eddeo se puede ver hasta qu\u00e9 punto el alumnado puedo sufrir. Pero, \u00bfpor qu\u00e9 ocurre esto? \u00bfqui\u00e9n tiene verdaderamente un problema en la vida, el\/la alumno\/a que sufre el acoso o el\/la alumno\/a que lo lleva a cabo?<\/p>\n<p><a href=\"https:\/\/youtu.be\/DWnpZBT8b0w\">Bullying<\/a>. Youtube.<\/p>\n<p>&nbsp;<\/p>\n","protected":false},"excerpt":{"rendered":"<p>&nbsp; &nbsp; &nbsp; &nbsp;\u00bfQui\u00e9n dijo que la vida era f\u00e1cil?\u00bfhay momentos dif\u00edciles? \u00bfduros? La adolescencia es una etapa muy importante en que se tienen lugar muchos cambios f\u00edsicos y psicol\u00f3gicos. Por ello es necesario&#46;&#46;&#46;<\/p>\n","protected":false},"author":9978,"featured_media":0,"comment_status":"open","ping_status":"open","sticky":false,"template":"","format":"standard","meta":{"ngg_post_thumbnail":0,"footnotes":""},"categories":[12,13,18],"tags":[33],"aioseo_notices":[],"_links":{"self":[{"href":"https:\/\/blogsaverroes.juntadeandalucia.es\/mcarmencobos\/wp-json\/wp\/v2\/posts\/154"}],"collection":[{"href":"https:\/\/blogsaverroes.juntadeandalucia.es\/mcarmencobos\/wp-json\/wp\/v2\/posts"}],"about":[{"href":"https:\/\/blogsaverroes.juntadeandalucia.es\/mcarmencobos\/wp-json\/wp\/v2\/types\/post"}],"author":[{"embeddable":true,"href":"https:\/\/blogsaverroes.juntadeandalucia.es\/mcarmencobos\/wp-json\/wp\/v2\/users\/9978"}],"replies":[{"embeddable":true,"href":"https:\/\/blogsaverroes.juntadeandalucia.es\/mcarmencobos\/wp-json\/wp\/v2\/comments?post=154"}],"version-history":[{"count":1,"href":"https:\/\/blogsaverroes.juntadeandalucia.es\/mcarmencobos\/wp-json\/wp\/v2\/posts\/154\/revisions"}],"predecessor-version":[{"id":155,"href":"https:\/\/blogsaverroes.juntadeandalucia.es\/mcarmencobos\/wp-json\/wp\/v2\/posts\/154\/revisions\/155"}],"wp:attachment":[{"href":"https:\/\/blogsaverroes.juntadeandalucia.es\/mcarmencobos\/wp-json\/wp\/v2\/media?parent=154"}],"wp:term":[{"taxonomy":"category","embeddable":true,"href":"https:\/\/blogsaverroes.juntadeandalucia.es\/mcarmencobos\/wp-json\/wp\/v2\/categories?post=154"},{"taxonomy":"post_tag","embeddable":true,"href":"https:\/\/blogsaverroes.juntadeandalucia.es\/mcarmencobos\/wp-json\/wp\/v2\/tags?post=154"}],"curies":[{"name":"wp","href":"https:\/\/api.w.org\/{rel}","templated":true}]}}