{"id":3791,"date":"2018-02-15T19:14:42","date_gmt":"2018-02-15T19:14:42","guid":{"rendered":"https:\/\/blogsaverroes.juntadeandalucia.es\/medialuna\/?p=3791"},"modified":"2018-02-15T19:14:42","modified_gmt":"2018-02-15T19:14:42","slug":"carnaval","status":"publish","type":"post","link":"https:\/\/blogsaverroes.juntadeandalucia.es\/medialuna\/2018\/02\/15\/carnaval\/","title":{"rendered":"Carnaval"},"content":{"rendered":"<p>Esta ma\u00f1ana, los ni\u00f1os y ni\u00f1as de Media Luna, junto con los maestros y maestras y las familias, hemos pasado un buen rato disfrutando de nuestro carnaval. Nos hemos disfrazado de personajes de cuentos, de animales y de frutas y de esta guisa nos hemos ido a la calle muy animados y acompa\u00f1ados. A la vuelta, cada nivel ha compartido con todos los asistentes, las canciones de carnaval que han preparado.&nbsp;<\/p>\n<p>\u00a1Qu\u00e9 estupenda ma\u00f1ana hemos pasado!<\/p>\nngg_shortcode_0_placeholder\n","protected":false},"excerpt":{"rendered":"<p>Esta ma\u00f1ana, los ni\u00f1os y ni\u00f1as de Media Luna, junto con los maestros y maestras y las familias, hemos pasado un buen rato disfrutando de nuestro carnaval. Nos hemos disfrazado de personajes de cuentos,&#46;&#46;&#46;<\/p>\n","protected":false},"author":5217,"featured_media":3792,"comment_status":"open","ping_status":"open","sticky":false,"template":"","format":"standard","meta":{"ngg_post_thumbnail":0,"footnotes":""},"categories":[5991],"tags":[],"aioseo_notices":[],"_links":{"self":[{"href":"https:\/\/blogsaverroes.juntadeandalucia.es\/medialuna\/wp-json\/wp\/v2\/posts\/3791"}],"collection":[{"href":"https:\/\/blogsaverroes.juntadeandalucia.es\/medialuna\/wp-json\/wp\/v2\/posts"}],"about":[{"href":"https:\/\/blogsaverroes.juntadeandalucia.es\/medialuna\/wp-json\/wp\/v2\/types\/post"}],"author":[{"embeddable":true,"href":"https:\/\/blogsaverroes.juntadeandalucia.es\/medialuna\/wp-json\/wp\/v2\/users\/5217"}],"replies":[{"embeddable":true,"href":"https:\/\/blogsaverroes.juntadeandalucia.es\/medialuna\/wp-json\/wp\/v2\/comments?post=3791"}],"version-history":[{"count":1,"href":"https:\/\/blogsaverroes.juntadeandalucia.es\/medialuna\/wp-json\/wp\/v2\/posts\/3791\/revisions"}],"predecessor-version":[{"id":3793,"href":"https:\/\/blogsaverroes.juntadeandalucia.es\/medialuna\/wp-json\/wp\/v2\/posts\/3791\/revisions\/3793"}],"wp:featuredmedia":[{"embeddable":true,"href":"https:\/\/blogsaverroes.juntadeandalucia.es\/medialuna\/wp-json\/wp\/v2\/media\/3792"}],"wp:attachment":[{"href":"https:\/\/blogsaverroes.juntadeandalucia.es\/medialuna\/wp-json\/wp\/v2\/media?parent=3791"}],"wp:term":[{"taxonomy":"category","embeddable":true,"href":"https:\/\/blogsaverroes.juntadeandalucia.es\/medialuna\/wp-json\/wp\/v2\/categories?post=3791"},{"taxonomy":"post_tag","embeddable":true,"href":"https:\/\/blogsaverroes.juntadeandalucia.es\/medialuna\/wp-json\/wp\/v2\/tags?post=3791"}],"curies":[{"name":"wp","href":"https:\/\/api.w.org\/{rel}","templated":true}]}}