{"id":619,"date":"2021-06-01T10:30:11","date_gmt":"2021-06-01T08:30:11","guid":{"rendered":"https:\/\/blogsaverroes.juntadeandalucia.es\/melendo\/?p=619"},"modified":"2021-06-01T10:36:59","modified_gmt":"2021-06-01T08:36:59","slug":"editar-estilos-en-exelearning","status":"publish","type":"post","link":"https:\/\/blogsaverroes.juntadeandalucia.es\/melendo\/2021\/06\/01\/editar-estilos-en-exelearning\/","title":{"rendered":"Editar estilos en eXeLearning"},"content":{"rendered":"<p>Para comprobar como funcionan los estilos en eXeLearning y aprender a modificarlos, he modificado el estilo del <a href=\"https:\/\/exelearning.net\/exe-style\/cedec\/\">CEDEC<\/a>.<\/p>\n<p>El principal cambio es dar color a los iDevice de texto \u00abantiguos\u00bb y darles m\u00e1s efecto de sombra, estos iDevices son muy usados en los materiales del CREA de la Junta de Andaluc\u00eda. As\u00ed es como se ven con el estilo CEDEC<\/p>\n<div id=\"attachment_620\" style=\"width: 704px\" class=\"wp-caption aligncenter\"><img loading=\"lazy\" decoding=\"async\" aria-describedby=\"caption-attachment-620\" class=\"size-full wp-image-620\" src=\"https:\/\/blogsaverroes.juntadeandalucia.es\/melendo\/files\/2021\/06\/idevice_cedec.png\" alt=\"\" width=\"694\" height=\"1416\" srcset=\"https:\/\/blogsaverroes.juntadeandalucia.es\/melendo\/files\/2021\/06\/idevice_cedec.png 694w, https:\/\/blogsaverroes.juntadeandalucia.es\/melendo\/files\/2021\/06\/idevice_cedec-147x300.png 147w, https:\/\/blogsaverroes.juntadeandalucia.es\/melendo\/files\/2021\/06\/idevice_cedec-502x1024.png 502w\" sizes=\"(max-width: 694px) 100vw, 694px\" \/><p id=\"caption-attachment-620\" class=\"wp-caption-text\">idevice con estilo cedec<\/p><\/div>\n<p>As\u00ed es como quedan con el estilo modificado,<\/p>\n<div id=\"attachment_621\" style=\"width: 702px\" class=\"wp-caption aligncenter\"><img loading=\"lazy\" decoding=\"async\" aria-describedby=\"caption-attachment-621\" class=\"size-full wp-image-621\" src=\"https:\/\/blogsaverroes.juntadeandalucia.es\/melendo\/files\/2021\/06\/Firefox_Screenshot_2021-06-01T08-22-05.217Z.png\" alt=\"\" width=\"692\" height=\"1433\" srcset=\"https:\/\/blogsaverroes.juntadeandalucia.es\/melendo\/files\/2021\/06\/Firefox_Screenshot_2021-06-01T08-22-05.217Z.png 692w, https:\/\/blogsaverroes.juntadeandalucia.es\/melendo\/files\/2021\/06\/Firefox_Screenshot_2021-06-01T08-22-05.217Z-145x300.png 145w, https:\/\/blogsaverroes.juntadeandalucia.es\/melendo\/files\/2021\/06\/Firefox_Screenshot_2021-06-01T08-22-05.217Z-494x1024.png 494w\" sizes=\"(max-width: 692px) 100vw, 692px\" \/><p id=\"caption-attachment-621\" class=\"wp-caption-text\">iDevices con el estilo modificado<\/p><\/div>\n<p>Como se puede ver en esa misma captura, otra modificaci\u00f3n es poner el logo de nuestro centro encima de los t\u00edtulos de las p\u00e1ginas.<\/p>\n<p>Solo he modificado el archivo content.css que hay dentro del zip, le he a\u00f1adido comentarios para que se encuentren bien los cambios, sino siempre pod\u00e9is comparar el archivo original con el modificado.<\/p>\n<p><a href=\"https:\/\/drive.google.com\/file\/d\/1yfotyBJ8zvLaHbpzFvhHXaZ4vwtX-iGE\/view?usp=sharing\">Aqu\u00ed<\/a> pod\u00e9is descargar este estilo modificado.<\/p>\n<p>&nbsp;<\/p>\n<p><em>NOTA: Esta modificaci\u00f3n es esperimental, desde el centro animamos a todo el claustro a que use el nuevo estilo de la Junta de Andalucia <a href=\"http:\/\/agrega.juntadeandalucia.es\/repositorio\/29052020\/34\/es-an_2020052912_9102852\/crea_tu_REA_con_estilo_EducaAnd\/5_cmo_se_instala_el_estilo_educaand_en_exelearning.html\">EducaAnd<\/a><\/em><\/p>\n","protected":false},"excerpt":{"rendered":"<p>Para comprobar como funcionan los estilos en eXeLearning y aprender a modificarlos, he modificado el estilo del CEDEC. El principal cambio es dar color a los iDevice de texto \u00abantiguos\u00bb y darles m\u00e1s efecto&#46;&#46;&#46;<\/p>\n","protected":false},"author":7756,"featured_media":0,"comment_status":"open","ping_status":"open","sticky":false,"template":"","format":"standard","meta":{"ngg_post_thumbnail":0,"footnotes":""},"categories":[1966597],"tags":[],"aioseo_notices":[],"_links":{"self":[{"href":"https:\/\/blogsaverroes.juntadeandalucia.es\/melendo\/wp-json\/wp\/v2\/posts\/619"}],"collection":[{"href":"https:\/\/blogsaverroes.juntadeandalucia.es\/melendo\/wp-json\/wp\/v2\/posts"}],"about":[{"href":"https:\/\/blogsaverroes.juntadeandalucia.es\/melendo\/wp-json\/wp\/v2\/types\/post"}],"author":[{"embeddable":true,"href":"https:\/\/blogsaverroes.juntadeandalucia.es\/melendo\/wp-json\/wp\/v2\/users\/7756"}],"replies":[{"embeddable":true,"href":"https:\/\/blogsaverroes.juntadeandalucia.es\/melendo\/wp-json\/wp\/v2\/comments?post=619"}],"version-history":[{"count":3,"href":"https:\/\/blogsaverroes.juntadeandalucia.es\/melendo\/wp-json\/wp\/v2\/posts\/619\/revisions"}],"predecessor-version":[{"id":624,"href":"https:\/\/blogsaverroes.juntadeandalucia.es\/melendo\/wp-json\/wp\/v2\/posts\/619\/revisions\/624"}],"wp:attachment":[{"href":"https:\/\/blogsaverroes.juntadeandalucia.es\/melendo\/wp-json\/wp\/v2\/media?parent=619"}],"wp:term":[{"taxonomy":"category","embeddable":true,"href":"https:\/\/blogsaverroes.juntadeandalucia.es\/melendo\/wp-json\/wp\/v2\/categories?post=619"},{"taxonomy":"post_tag","embeddable":true,"href":"https:\/\/blogsaverroes.juntadeandalucia.es\/melendo\/wp-json\/wp\/v2\/tags?post=619"}],"curies":[{"name":"wp","href":"https:\/\/api.w.org\/{rel}","templated":true}]}}