{"id":2224,"date":"2020-02-18T09:28:24","date_gmt":"2020-02-18T09:28:24","guid":{"rendered":"https:\/\/blogsaverroes.juntadeandalucia.es\/menendezypelayo\/?p=2224"},"modified":"2020-02-18T09:28:24","modified_gmt":"2020-02-18T09:28:24","slug":"nueva-web-del-centro","status":"publish","type":"post","link":"https:\/\/blogsaverroes.juntadeandalucia.es\/menendezypelayo\/nueva-web-del-centro\/","title":{"rendered":"\u00a1Nueva web del centro!"},"content":{"rendered":"<p>\u00a1Nuestra web estrena espacio!<\/p>\n<p>Hemos remodelado nuestro espacio web con el fin de hacerlo m\u00e1s din\u00e1mico y adaptado a las necesidades actuales de la comunidad educativa y a la visibilidad del centro en las redes.<\/p>\n<p>Nuestra <a href=\"http:\/\/www.juntadeandalucia.es\/averroes\/centros-tic\/21002914\/helvia\/sitio\/\" target=\"_blank\" rel=\"noopener noreferrer\">web antigua<\/a> seguir\u00e1 activa y se podr\u00e1 consultar sin ning\u00fan problema pero no se actualizar\u00e1.<\/p>\n<p>Este espacio cuenta con una serie de p\u00e1ginas fijas y un espacio din\u00e1mico de novedades que podr\u00e1s encontrar en portada.<\/p>\n<p>Si tienes alguna sugerencia que hacer, no dudes en ponerte en contacto con nosotros.<\/p>\n<p>\u00a1Esperamos que sea un espacio de intercambio, informaci\u00f3n y comunicaci\u00f3n con nuestra comunidad educativa!<\/p>\n","protected":false},"excerpt":{"rendered":"<p>\u00a1Nuestra web estrena espacio! Hemos remodelado nuestro espacio web con el fin de hacerlo m\u00e1s din\u00e1mico y adaptado a las necesidades actuales de la comunidad educativa y a la visibilidad del centro en las&#46;&#46;&#46;<\/p>\n","protected":false},"author":7754,"featured_media":0,"comment_status":"open","ping_status":"open","sticky":false,"template":"","format":"standard","meta":{"ngg_post_thumbnail":0,"footnotes":""},"categories":[11909],"tags":[],"aioseo_notices":[],"_links":{"self":[{"href":"https:\/\/blogsaverroes.juntadeandalucia.es\/menendezypelayo\/wp-json\/wp\/v2\/posts\/2224"}],"collection":[{"href":"https:\/\/blogsaverroes.juntadeandalucia.es\/menendezypelayo\/wp-json\/wp\/v2\/posts"}],"about":[{"href":"https:\/\/blogsaverroes.juntadeandalucia.es\/menendezypelayo\/wp-json\/wp\/v2\/types\/post"}],"author":[{"embeddable":true,"href":"https:\/\/blogsaverroes.juntadeandalucia.es\/menendezypelayo\/wp-json\/wp\/v2\/users\/7754"}],"replies":[{"embeddable":true,"href":"https:\/\/blogsaverroes.juntadeandalucia.es\/menendezypelayo\/wp-json\/wp\/v2\/comments?post=2224"}],"version-history":[{"count":1,"href":"https:\/\/blogsaverroes.juntadeandalucia.es\/menendezypelayo\/wp-json\/wp\/v2\/posts\/2224\/revisions"}],"predecessor-version":[{"id":2225,"href":"https:\/\/blogsaverroes.juntadeandalucia.es\/menendezypelayo\/wp-json\/wp\/v2\/posts\/2224\/revisions\/2225"}],"wp:attachment":[{"href":"https:\/\/blogsaverroes.juntadeandalucia.es\/menendezypelayo\/wp-json\/wp\/v2\/media?parent=2224"}],"wp:term":[{"taxonomy":"category","embeddable":true,"href":"https:\/\/blogsaverroes.juntadeandalucia.es\/menendezypelayo\/wp-json\/wp\/v2\/categories?post=2224"},{"taxonomy":"post_tag","embeddable":true,"href":"https:\/\/blogsaverroes.juntadeandalucia.es\/menendezypelayo\/wp-json\/wp\/v2\/tags?post=2224"}],"curies":[{"name":"wp","href":"https:\/\/api.w.org\/{rel}","templated":true}]}}