{"id":2382,"date":"2020-03-21T11:09:42","date_gmt":"2020-03-21T10:09:42","guid":{"rendered":"https:\/\/blogsaverroes.juntadeandalucia.es\/menendezypelayo\/?p=2382"},"modified":"2020-03-21T11:09:42","modified_gmt":"2020-03-21T10:09:42","slug":"semana-1","status":"publish","type":"post","link":"https:\/\/blogsaverroes.juntadeandalucia.es\/menendezypelayo\/semana-1\/","title":{"rendered":"Semana 1"},"content":{"rendered":"<p><img loading=\"lazy\" decoding=\"async\" class=\"aligncenter size-medium wp-image-2384\" src=\"https:\/\/blogsaverroes.juntadeandalucia.es\/menendezypelayo\/files\/2020\/03\/Semana-1_claqueta-cine-300x153.jpg\" alt=\"\" width=\"300\" height=\"153\" srcset=\"https:\/\/blogsaverroes.juntadeandalucia.es\/menendezypelayo\/files\/2020\/03\/Semana-1_claqueta-cine-300x153.jpg 300w, https:\/\/blogsaverroes.juntadeandalucia.es\/menendezypelayo\/files\/2020\/03\/Semana-1_claqueta-cine-768x391.jpg 768w, https:\/\/blogsaverroes.juntadeandalucia.es\/menendezypelayo\/files\/2020\/03\/Semana-1_claqueta-cine-24x12.jpg 24w, https:\/\/blogsaverroes.juntadeandalucia.es\/menendezypelayo\/files\/2020\/03\/Semana-1_claqueta-cine-36x18.jpg 36w, https:\/\/blogsaverroes.juntadeandalucia.es\/menendezypelayo\/files\/2020\/03\/Semana-1_claqueta-cine-48x24.jpg 48w, https:\/\/blogsaverroes.juntadeandalucia.es\/menendezypelayo\/files\/2020\/03\/Semana-1_claqueta-cine.jpg 982w\" sizes=\"(max-width: 300px) 100vw, 300px\" \/><\/p>\n<p>Un antes y un despu\u00e9s para muchos de nosotros esta experiencia que estamos viviendo. Pero mientras tanto la vida sigue desde casa.<\/p>\n<p>Nuestro cole contin\u00faa con su actividad \u00abnormal\u00bb y esta ha sido nuestra organizaci\u00f3n para esta \u00abSemana 1: Adaptaci\u00f3n\u00bb<\/p>\n<p>Gracias a nuestros canales de comunicaci\u00f3n con las familias hemos podido trasladar puntualmente todos los d\u00edas a las 9 de la ma\u00f1ana unas indicaciones para ese d\u00eda. Sugerencias para hacer la ma\u00f1ana m\u00e1s amena, repasar contenidos, descubrir nuevas cosas y continuar con el proceso de ense\u00f1anza y aprendizaje. Desp\u00faes del \u00abrecreo\u00bb los especialistas han terminado la ma\u00f1ana con su materia.<\/p>\n<p>Los equipos educativos a trav\u00e9s de salas de videoconferencia se han conectado con su alumnado para romper el aislamiento, que los compa\u00f1eros y compa\u00f1eros se vean y echen unas risas y tambi\u00e9n, si da tiempo, resolver dudas de las diferentes tareas.<\/p>\n<p>Lo importante en esta primera semana ha sido que nos hemos comunicado con total normalidad y que dentro de esta situaci\u00f3n at\u00edpica la vida contin\u00faa&#8230;<\/p>\n<p>Os dejamos un videotutorial de como hacer la matriculaci\u00f3n telem\u00e1tica para nuevas incorporaciones:<\/p>\n<p style=\"text-align: center\">[youtube https:\/\/www.youtube.com\/watch?v=0jzsoje-GyQ]&nbsp;<\/p>\n<p>&nbsp;<\/p>\n","protected":false},"excerpt":{"rendered":"<p>Un antes y un despu\u00e9s para muchos de nosotros esta experiencia que estamos viviendo. Pero mientras tanto la vida sigue desde casa. Nuestro cole contin\u00faa con su actividad \u00abnormal\u00bb y esta ha sido nuestra&#46;&#46;&#46;<\/p>\n","protected":false},"author":7754,"featured_media":0,"comment_status":"open","ping_status":"open","sticky":false,"template":"","format":"standard","meta":{"ngg_post_thumbnail":0,"footnotes":""},"categories":[11909],"tags":[464116],"aioseo_notices":[],"_links":{"self":[{"href":"https:\/\/blogsaverroes.juntadeandalucia.es\/menendezypelayo\/wp-json\/wp\/v2\/posts\/2382"}],"collection":[{"href":"https:\/\/blogsaverroes.juntadeandalucia.es\/menendezypelayo\/wp-json\/wp\/v2\/posts"}],"about":[{"href":"https:\/\/blogsaverroes.juntadeandalucia.es\/menendezypelayo\/wp-json\/wp\/v2\/types\/post"}],"author":[{"embeddable":true,"href":"https:\/\/blogsaverroes.juntadeandalucia.es\/menendezypelayo\/wp-json\/wp\/v2\/users\/7754"}],"replies":[{"embeddable":true,"href":"https:\/\/blogsaverroes.juntadeandalucia.es\/menendezypelayo\/wp-json\/wp\/v2\/comments?post=2382"}],"version-history":[{"count":5,"href":"https:\/\/blogsaverroes.juntadeandalucia.es\/menendezypelayo\/wp-json\/wp\/v2\/posts\/2382\/revisions"}],"predecessor-version":[{"id":2388,"href":"https:\/\/blogsaverroes.juntadeandalucia.es\/menendezypelayo\/wp-json\/wp\/v2\/posts\/2382\/revisions\/2388"}],"wp:attachment":[{"href":"https:\/\/blogsaverroes.juntadeandalucia.es\/menendezypelayo\/wp-json\/wp\/v2\/media?parent=2382"}],"wp:term":[{"taxonomy":"category","embeddable":true,"href":"https:\/\/blogsaverroes.juntadeandalucia.es\/menendezypelayo\/wp-json\/wp\/v2\/categories?post=2382"},{"taxonomy":"post_tag","embeddable":true,"href":"https:\/\/blogsaverroes.juntadeandalucia.es\/menendezypelayo\/wp-json\/wp\/v2\/tags?post=2382"}],"curies":[{"name":"wp","href":"https:\/\/api.w.org\/{rel}","templated":true}]}}