{"id":2662,"date":"2022-12-13T11:18:48","date_gmt":"2022-12-13T10:18:48","guid":{"rendered":"https:\/\/blogsaverroes.juntadeandalucia.es\/menendezypelayo\/?p=2662"},"modified":"2022-12-21T10:25:44","modified_gmt":"2022-12-21T09:25:44","slug":"concurso-c","status":"publish","type":"post","link":"https:\/\/blogsaverroes.juntadeandalucia.es\/menendezypelayo\/concurso-c\/","title":{"rendered":"\u00a1Ya tenemos ganador del concurso de christmas navide\u00f1os!"},"content":{"rendered":"<div>\n<div class=\"\" dir=\"auto\">\n<div id=\"jsc_c_1h\" class=\"x1iorvi4 x1pi30zi xjkvuk6 x1swvt13\" data-ad-comet-preview=\"message\" data-ad-preview=\"message\">\n<div class=\"x78zum5 xdt5ytf xz62fqu x16ldp7u\">\n<div class=\"xu06os2 x1ok221b\">\n<div class=\"x11i5rnm xat24cr x1mh8g0r x1vvkbs xdj266r x126k92a\">\n<div dir=\"auto\">La comunidad educativa del CEIP Men\u00e9ndez y Pelayo les desea unas felices fiestas y un pr\u00f3spero 2023.<\/div>\n<div dir=\"auto\">&nbsp;<\/div>\n<div dir=\"auto\">Felicidades a Rub\u00e9n, autor de nuestro Christmas de este a\u00f1o y a nuestra AMPA por su colaboraci\u00f3n.<\/div>\n<div dir=\"auto\">&nbsp;<\/div>\n<\/div>\n<\/div>\n<\/div>\n<\/div>\n<\/div>\n<div id=\"jsc_c_1i\" class=\"x1n2onr6\">\n<div class=\"x1n2onr6\">\n<div class=\"x1n2onr6\">\n<div class=\"x1n2onr6\">\n<div class=\"x6ikm8r x10wlt62 x10l6tqk\">\n<div class=\"x6ikm8r x10wlt62\">\n<div class=\"xqtp20y x6ikm8r x10wlt62 x1n2onr6\">\n<div class=\"x10l6tqk x13vifvy\"><img loading=\"lazy\" decoding=\"async\" class=\"aligncenter size-medium wp-image-2668\" src=\"https:\/\/blogsaverroes.juntadeandalucia.es\/menendezypelayo\/files\/2022\/12\/PXL_20221212_103540068.PORTRAIT-1-300x225.jpg\" alt=\"Ganador del con\" width=\"300\" height=\"225\" srcset=\"https:\/\/blogsaverroes.juntadeandalucia.es\/menendezypelayo\/files\/2022\/12\/PXL_20221212_103540068.PORTRAIT-1-300x225.jpg 300w, https:\/\/blogsaverroes.juntadeandalucia.es\/menendezypelayo\/files\/2022\/12\/PXL_20221212_103540068.PORTRAIT-1-1024x768.jpg 1024w, https:\/\/blogsaverroes.juntadeandalucia.es\/menendezypelayo\/files\/2022\/12\/PXL_20221212_103540068.PORTRAIT-1-768x576.jpg 768w, https:\/\/blogsaverroes.juntadeandalucia.es\/menendezypelayo\/files\/2022\/12\/PXL_20221212_103540068.PORTRAIT-1-1536x1152.jpg 1536w, https:\/\/blogsaverroes.juntadeandalucia.es\/menendezypelayo\/files\/2022\/12\/PXL_20221212_103540068.PORTRAIT-1-2048x1536.jpg 2048w, https:\/\/blogsaverroes.juntadeandalucia.es\/menendezypelayo\/files\/2022\/12\/PXL_20221212_103540068.PORTRAIT-1-scaled.jpg 1600w\" sizes=\"(max-width: 300px) 100vw, 300px\" \/><\/div>\n<\/div>\n<\/div>\n<\/div>\n<\/div>\n<\/div>\n<\/div>\n<\/div>\n<\/div>\n<div>\n<div class=\"x168nmei x13lgxp2 x30kzoy x9jhf4c x6ikm8r x10wlt62\" data-visualcompletion=\"ignore-dynamic\">\n<div>\n<div class=\"x1jx94hy x12nagc\">&nbsp;<\/div>\n<\/div>\n<\/div>\n<\/div>\n","protected":false},"excerpt":{"rendered":"<p>La comunidad educativa del CEIP Men\u00e9ndez y Pelayo les desea unas felices fiestas y un pr\u00f3spero 2023. &nbsp; Felicidades a Rub\u00e9n, autor de nuestro Christmas de este a\u00f1o y a nuestra AMPA por su&#46;&#46;&#46;<\/p>\n","protected":false},"author":7754,"featured_media":0,"comment_status":"open","ping_status":"open","sticky":false,"template":"","format":"standard","meta":{"ngg_post_thumbnail":0,"footnotes":""},"categories":[784,1696,464125],"tags":[],"aioseo_notices":[],"_links":{"self":[{"href":"https:\/\/blogsaverroes.juntadeandalucia.es\/menendezypelayo\/wp-json\/wp\/v2\/posts\/2662"}],"collection":[{"href":"https:\/\/blogsaverroes.juntadeandalucia.es\/menendezypelayo\/wp-json\/wp\/v2\/posts"}],"about":[{"href":"https:\/\/blogsaverroes.juntadeandalucia.es\/menendezypelayo\/wp-json\/wp\/v2\/types\/post"}],"author":[{"embeddable":true,"href":"https:\/\/blogsaverroes.juntadeandalucia.es\/menendezypelayo\/wp-json\/wp\/v2\/users\/7754"}],"replies":[{"embeddable":true,"href":"https:\/\/blogsaverroes.juntadeandalucia.es\/menendezypelayo\/wp-json\/wp\/v2\/comments?post=2662"}],"version-history":[{"count":4,"href":"https:\/\/blogsaverroes.juntadeandalucia.es\/menendezypelayo\/wp-json\/wp\/v2\/posts\/2662\/revisions"}],"predecessor-version":[{"id":2669,"href":"https:\/\/blogsaverroes.juntadeandalucia.es\/menendezypelayo\/wp-json\/wp\/v2\/posts\/2662\/revisions\/2669"}],"wp:attachment":[{"href":"https:\/\/blogsaverroes.juntadeandalucia.es\/menendezypelayo\/wp-json\/wp\/v2\/media?parent=2662"}],"wp:term":[{"taxonomy":"category","embeddable":true,"href":"https:\/\/blogsaverroes.juntadeandalucia.es\/menendezypelayo\/wp-json\/wp\/v2\/categories?post=2662"},{"taxonomy":"post_tag","embeddable":true,"href":"https:\/\/blogsaverroes.juntadeandalucia.es\/menendezypelayo\/wp-json\/wp\/v2\/tags?post=2662"}],"curies":[{"name":"wp","href":"https:\/\/api.w.org\/{rel}","templated":true}]}}