{"id":1063,"date":"2024-12-08T11:48:36","date_gmt":"2024-12-08T10:48:36","guid":{"rendered":"https:\/\/blogsaverroes.juntadeandalucia.es\/miauladegrillos\/?p=1063"},"modified":"2024-12-08T11:48:36","modified_gmt":"2024-12-08T10:48:36","slug":"la-cafeteria","status":"publish","type":"post","link":"https:\/\/blogsaverroes.juntadeandalucia.es\/miauladegrillos\/2024\/12\/08\/la-cafeteria\/","title":{"rendered":"LA CAFETER\u00cdA"},"content":{"rendered":"<p style=\"text-align: right\"><span style=\"font-weight: 500;font-size: 14pt;font-family: terminal, monaco, monospace\">G. S. M.<\/span><\/p>\n<p style=\"text-align: center\"><span style=\"font-weight: 500;font-size: 14pt;font-family: terminal, monaco, monospace\">La cafeter\u00eda del IES Francisco Giner de los Rios que cerr\u00f3 debido al confinamiento que tuvo lugar en marzo de 2020<\/span><\/p>\n<p style=\"text-align: justify\"><span style=\"font-size: 14pt;font-family: terminal, monaco, monospace\"><span style=\"font-weight: 200\">El instituto Fco Giner de los R\u00edos tuvo una cafeter\u00eda desde los inicios del establecimiento, la que cerr\u00f3 por culpa de la cuarentena que tuvo lugar el 14 de marzo de 2020 debido a la pandemia del Covid-19. La cafeter\u00eda no volvi\u00f3 a abrir por la cantidad de estudiantes que asist\u00edan al centro y la falta de aulas, por lo que la cafeter\u00eda acab\u00f3 convirti\u00e9ndose en una clase m\u00e1s. Los estudiantes que entraron a este centro nacidos en 2008 hacia adelante no han tenido la suerte de disfrutar esta cafeter\u00eda.<\/span><\/span><\/p>\n<p style=\"text-align: justify\"><span style=\"font-size: 14pt;font-family: terminal, monaco, monospace\"><span style=\"font-weight: 200\"> &nbsp; &nbsp; &nbsp; &nbsp;&nbsp;<\/span><span style=\"font-weight: 200\"><br \/>\n<\/span><span style=\"font-weight: 200\">Los estudiantes no se tra\u00edan desayuno, se tra\u00edan un par de euros para poder comprarse un panini, un bocadillo&#8230; en la cafeter\u00eda. La cafeter\u00eda deb\u00eda cumplir un requisitos y normas, algunas de ellas eran no vender alcohol ya que es un centro que incluye ESO y Bachiller y la mayor\u00eda de alumnos de la ESO son menores de edad. En mi opini\u00f3n pienso que la cafeter\u00eda deber\u00eda volver a abrir porque era una ventaja para los estudiantes e incita menos a estos a salirse del instituto en hora estudiantil a comprar algo para comer<\/span><\/span><\/p>\n<!--themify_builder_content-->\n<div id=\"themify_builder_content-1063\" data-postid=\"1063\" class=\"themify_builder_content themify_builder_content-1063 themify_builder tf_clear\">\n    <\/div>\n<!--\/themify_builder_content-->\n","protected":false},"excerpt":{"rendered":"<p>G. S. M. La cafeter\u00eda del IES Francisco Giner de los Rios que cerr\u00f3 debido al confinamiento que tuvo lugar en marzo de 2020 El instituto Fco Giner de los R\u00edos tuvo una cafeter\u00eda desde los inicios del establecimiento, la que cerr\u00f3 por culpa de la cuarentena que tuvo lugar el 14 de marzo de [&hellip;]<\/p>\n","protected":false},"author":4178,"featured_media":1064,"comment_status":"open","ping_status":"open","sticky":false,"template":"","format":"standard","meta":{"ngg_post_thumbnail":0,"footnotes":""},"categories":[5],"tags":[],"aioseo_notices":[],"_links":{"self":[{"href":"https:\/\/blogsaverroes.juntadeandalucia.es\/miauladegrillos\/wp-json\/wp\/v2\/posts\/1063"}],"collection":[{"href":"https:\/\/blogsaverroes.juntadeandalucia.es\/miauladegrillos\/wp-json\/wp\/v2\/posts"}],"about":[{"href":"https:\/\/blogsaverroes.juntadeandalucia.es\/miauladegrillos\/wp-json\/wp\/v2\/types\/post"}],"author":[{"embeddable":true,"href":"https:\/\/blogsaverroes.juntadeandalucia.es\/miauladegrillos\/wp-json\/wp\/v2\/users\/4178"}],"replies":[{"embeddable":true,"href":"https:\/\/blogsaverroes.juntadeandalucia.es\/miauladegrillos\/wp-json\/wp\/v2\/comments?post=1063"}],"version-history":[{"count":2,"href":"https:\/\/blogsaverroes.juntadeandalucia.es\/miauladegrillos\/wp-json\/wp\/v2\/posts\/1063\/revisions"}],"predecessor-version":[{"id":1066,"href":"https:\/\/blogsaverroes.juntadeandalucia.es\/miauladegrillos\/wp-json\/wp\/v2\/posts\/1063\/revisions\/1066"}],"wp:featuredmedia":[{"embeddable":true,"href":"https:\/\/blogsaverroes.juntadeandalucia.es\/miauladegrillos\/wp-json\/wp\/v2\/media\/1064"}],"wp:attachment":[{"href":"https:\/\/blogsaverroes.juntadeandalucia.es\/miauladegrillos\/wp-json\/wp\/v2\/media?parent=1063"}],"wp:term":[{"taxonomy":"category","embeddable":true,"href":"https:\/\/blogsaverroes.juntadeandalucia.es\/miauladegrillos\/wp-json\/wp\/v2\/categories?post=1063"},{"taxonomy":"post_tag","embeddable":true,"href":"https:\/\/blogsaverroes.juntadeandalucia.es\/miauladegrillos\/wp-json\/wp\/v2\/tags?post=1063"}],"curies":[{"name":"wp","href":"https:\/\/api.w.org\/{rel}","templated":true}]}}