{"id":1067,"date":"2024-12-08T11:50:26","date_gmt":"2024-12-08T10:50:26","guid":{"rendered":"https:\/\/blogsaverroes.juntadeandalucia.es\/miauladegrillos\/?p=1067"},"modified":"2024-12-08T11:50:26","modified_gmt":"2024-12-08T10:50:26","slug":"el-futuro-de-la-proxima-generacion","status":"publish","type":"post","link":"https:\/\/blogsaverroes.juntadeandalucia.es\/miauladegrillos\/2024\/12\/08\/el-futuro-de-la-proxima-generacion\/","title":{"rendered":"EL FUTURO DE LA PR\u00d3XIMA GENERACI\u00d3N"},"content":{"rendered":"<p style=\"text-align: right\"><span style=\"font-size: 14pt;font-family: terminal, monaco, monospace\"><i><span style=\"font-weight: 400\">M. S. E.<\/span><\/i><\/span><\/p>\n<p style=\"text-align: center\"><span style=\"font-size: 14pt;font-family: terminal, monaco, monospace\"><i><span style=\"font-weight: 400\">He realizado una encuesta a los alumnos y alumnas de la clase de comunicaci\u00f3n audiovisual sobre lo que desean estudiar despu\u00e9s de la ense\u00f1anza obligatoria y su futuro trabajo.<\/span><\/i><\/span><\/p>\n<p style=\"text-align: justify\">&nbsp;<\/p>\n<p style=\"text-align: justify\"><span style=\"font-weight: 400;font-size: 14pt;font-family: terminal, monaco, monospace\">He realizado una encuesta en la que se ha preguntado a los alumnos y alumnas de la clase de comunicaci\u00f3n audiovisual del instituto IES Francisco Giner de los R\u00edos, en Motril, Granada, sobre lo que desean estudiar despu\u00e9s de este \u00faltimo a\u00f1o de ense\u00f1anzas obligatorias y su futuro trabajo.<\/span><\/p>\n<p style=\"text-align: justify\">&nbsp;<\/p>\n<p style=\"text-align: justify\"><span style=\"font-weight: 400;font-size: 14pt;font-family: terminal, monaco, monospace\">En la primera encuesta se les pregunt\u00f3 sobre qu\u00e9 es lo que desean estudiar despu\u00e9s de este \u00faltimo a\u00f1o obligatorio. Excepto una compa\u00f1era que desea estudiar un ciclo formativo, todos los dem\u00e1s compa\u00f1eros desean estudiar bachillerato. Los alumnos que coger\u00e1n el bachillerato son trece, de esos trece seis eligen el bachillerato de sociales, uno el bachillerato de ciencias de la salud, tres el bachillerato de tecnolog\u00eda y tres el bachillerato de artes. A pesar de que queda menos de un a\u00f1o para terminar la ense\u00f1anza obligatoria, muchos de los alumnos&nbsp; no saben qu\u00e9 es lo que realmente quieren estudiar en un futuro.&nbsp;&nbsp;<\/span><\/p>\n<p style=\"text-align: justify\">&nbsp;<\/p>\n<p style=\"text-align: justify\"><span style=\"font-weight: 400;font-size: 14pt;font-family: terminal, monaco, monospace\">En la segunda encuesta se les pregunt\u00f3 en qu\u00e9 quieren trabajar despu\u00e9s de tantos a\u00f1os estudiando. La compa\u00f1era que deseaba estudiar el ciclo formativo, desea trabajar en la legi\u00f3n militar. Los alumnos que desean estudiar el bachillerato de artes desean luego hacer una carrera universitaria o ciclo formativo superior para ser todos dise\u00f1adores gr\u00e1ficos o dise\u00f1adores de interiores. Los alumnos que iban a estudiar el bachillerato de ciencias tecnol\u00f3gicas todos ellos quieren hacer una carrera universitaria despu\u00e9s para luego ser cient\u00edficos o inform\u00e1ticos. El alumno que quer\u00eda estudiar el bachillerato de ciencias de la salud desea estudiar la carrera universitaria de biolog\u00eda para trabajar de bi\u00f3logo marino. Por \u00faltimo los alumnos que han preferido hacer el bachillerato de sociales quieren luego a hacer una carrera universitaria y luego trabajar los diferente alumnos de productora audiovisual, abogada penal, criminolog\u00eda, trabajadora social, arquitecta y psic\u00f3loga.<\/span><\/p>\n<p style=\"text-align: justify\">&nbsp;<\/p>\n<p style=\"text-align: justify\"><span style=\"font-weight: 400;font-size: 14pt;font-family: terminal, monaco, monospace\">En la primera encuesta hemos podido conocer que excepto alg\u00fan alumno todos desean despu\u00e9s de este a\u00f1o estudiar bachillerato, y de los diferentes bachilleratos el que m\u00e1s gente quiere es el bachillerato de sociales. En la segunda encuesta hemos conocido que la gran parte del alumnado desea estudiar una carrera universitaria, y que los alumnos de la clase desean trabajar en diferentes trabajos.<\/span><\/p>\n<!--themify_builder_content-->\n<div id=\"themify_builder_content-1067\" data-postid=\"1067\" class=\"themify_builder_content themify_builder_content-1067 themify_builder tf_clear\">\n    <\/div>\n<!--\/themify_builder_content-->\n","protected":false},"excerpt":{"rendered":"<p>M. S. E. He realizado una encuesta a los alumnos y alumnas de la clase de comunicaci\u00f3n audiovisual sobre lo que desean estudiar despu\u00e9s de la ense\u00f1anza obligatoria y su futuro trabajo. &nbsp; He realizado una encuesta en la que se ha preguntado a los alumnos y alumnas de la clase de comunicaci\u00f3n audiovisual del [&hellip;]<\/p>\n","protected":false},"author":4178,"featured_media":1068,"comment_status":"open","ping_status":"open","sticky":false,"template":"","format":"standard","meta":{"ngg_post_thumbnail":0,"footnotes":""},"categories":[5],"tags":[],"aioseo_notices":[],"_links":{"self":[{"href":"https:\/\/blogsaverroes.juntadeandalucia.es\/miauladegrillos\/wp-json\/wp\/v2\/posts\/1067"}],"collection":[{"href":"https:\/\/blogsaverroes.juntadeandalucia.es\/miauladegrillos\/wp-json\/wp\/v2\/posts"}],"about":[{"href":"https:\/\/blogsaverroes.juntadeandalucia.es\/miauladegrillos\/wp-json\/wp\/v2\/types\/post"}],"author":[{"embeddable":true,"href":"https:\/\/blogsaverroes.juntadeandalucia.es\/miauladegrillos\/wp-json\/wp\/v2\/users\/4178"}],"replies":[{"embeddable":true,"href":"https:\/\/blogsaverroes.juntadeandalucia.es\/miauladegrillos\/wp-json\/wp\/v2\/comments?post=1067"}],"version-history":[{"count":2,"href":"https:\/\/blogsaverroes.juntadeandalucia.es\/miauladegrillos\/wp-json\/wp\/v2\/posts\/1067\/revisions"}],"predecessor-version":[{"id":1070,"href":"https:\/\/blogsaverroes.juntadeandalucia.es\/miauladegrillos\/wp-json\/wp\/v2\/posts\/1067\/revisions\/1070"}],"wp:featuredmedia":[{"embeddable":true,"href":"https:\/\/blogsaverroes.juntadeandalucia.es\/miauladegrillos\/wp-json\/wp\/v2\/media\/1068"}],"wp:attachment":[{"href":"https:\/\/blogsaverroes.juntadeandalucia.es\/miauladegrillos\/wp-json\/wp\/v2\/media?parent=1067"}],"wp:term":[{"taxonomy":"category","embeddable":true,"href":"https:\/\/blogsaverroes.juntadeandalucia.es\/miauladegrillos\/wp-json\/wp\/v2\/categories?post=1067"},{"taxonomy":"post_tag","embeddable":true,"href":"https:\/\/blogsaverroes.juntadeandalucia.es\/miauladegrillos\/wp-json\/wp\/v2\/tags?post=1067"}],"curies":[{"name":"wp","href":"https:\/\/api.w.org\/{rel}","templated":true}]}}